{"id":7456,"date":"2026-07-02T07:55:23","date_gmt":"2026-07-02T07:55:23","guid":{"rendered":"https:\/\/koff.swisspeace.ch\/apropos\/?p=7456"},"modified":"2026-07-02T15:00:49","modified_gmt":"2026-07-02T15:00:49","slug":"surveillance-militarisee-comment-lexternalisation-a-des-acteurs-prives-redefinit-la-gouvernance-et-la-responsabilite","status":"publish","type":"post","link":"https:\/\/koff.swisspeace.ch\/apropos\/7456\/surveillance-militarisee-comment-lexternalisation-a-des-acteurs-prives-redefinit-la-gouvernance-et-la-responsabilite\/","title":{"rendered":"Surveillance militaris\u00e9e \u2013 comment l\u2019externalisation \u00e0 des acteurs priv\u00e9s red\u00e9finit la gouvernance et la responsabilit\u00e9"},"content":{"rendered":"\n<p>Selon l\u2019organisation <a href=\"https:\/\/www.hrw.org\/video-photos\/interactive\/2022\/12\/08\/airborne-complicity-frontex-aerial-surveillance-enables-abuse\">Human Rights Watch<\/a>, les services priv\u00e9s de surveillance a\u00e9rienne fournis \u00e0 l\u2019Agence europ\u00e9enne de garde-fronti\u00e8res et de garde-c\u00f4tes Frontex ont permis aux garde-c\u00f4tes libyen\u00b7nes de localiser des embarcations de migrant\u00b7es. Ces interceptions ont souvent conduit \u00e0 leur renvoi forc\u00e9 vers la Libye, o\u00f9 ils\u00b7elles sont expos\u00e9\u00b7es \u00e0 de graves violations des droits humains, notamment \u00e0 la d\u00e9tention arbitraire et aux mauvais traitements. <a href=\"https:\/\/www.frontex.europa.eu\/media-centre\/news\/news-release\/eyes-in-the-sky-monitoring-the-mediterranean-17Gg1W\">Frontex<\/a> affirme que cette surveillance poursuit avant tout un objectif humanitaire de recherche et de sauvetage et non de facilitation des retours forc\u00e9s. Pourtant, l\u2019une des entreprises impliqu\u00e9es dans l\u2019exploitation des drones de surveillance pour Frontex est Airbus DS Airborne Solutions (ADAS), qui fournit \u00e9galement des \u00ab<a href=\"https:\/\/www.airbus.com\/en\/products-services\/defence\/uas\/uas-services\">services de gestion des donn\u00e9es<\/a>\u00bb aux forces arm\u00e9es allemandes. \u00c0 mesure que les gouvernements s\u2019appuient davantage sur des acteur\u00b7rices priv\u00e9\u00b7es pour la recherche, le d\u00e9veloppement et l\u2019assistance dans le domaine de la s\u00e9curit\u00e9, la fronti\u00e8re entre les technologies civiles et militaires devient de plus en plus floue. Plus pr\u00e9occupant encore: lorsque ces technologies contribuent \u00e0 des violations des droits humains, l\u2019externalisation de fonctions de s\u00e9curit\u00e9 publique \u00e0 des entreprises priv\u00e9es complique l\u2019identification des responsables et de celles et ceux devant rendre des comptes. Renforcer la surveillance des acteurs du secteur militaire, des forces de l\u2019ordre et des entreprises priv\u00e9es de s\u00e9curit\u00e9 selon les trois axes suivants permettrait de freiner consid\u00e9rablement la militarisation incontr\u00f4l\u00e9e des espaces de caract\u00e8re civil ainsi que l\u2019\u00e9rosion de la responsabilit\u00e9.<\/p>\n\n\n\n<p>Premi\u00e8rement, les entreprises d\u00e9veloppent en permanence de <a href=\"https:\/\/www.dcaf.ch\/sites\/default\/files\/publications\/documents\/DCAF_Understanding%20Private%20Surveillance_WEB.pdf\">nouveaux services<\/a> qui devraient \u00eatre soumis au m\u00eame niveau de contr\u00f4le et de surveillance que les acteur\u00b7rices priv\u00e9\u00b7es de la s\u00e9curit\u00e9. Selon des normes internationales telles que le Document de Montreux et le Code de conduite international des entreprises de s\u00e9curit\u00e9 priv\u00e9es, ce n\u2019est pas la qualification d\u2019entreprise \u00abtechnologique\u00bb, \u00abde donn\u00e9es\u00bb ou \u00abde s\u00e9curit\u00e9\u00bb qui importe, mais bien la nature des services fournis. Les entreprises dont les activit\u00e9s contribuent \u00e0 des fonctions de s\u00e9curit\u00e9 devraient donc \u00eatre soumises \u00e0 un contr\u00f4le appropri\u00e9 dans ce domaine, quelle que soit l\u2019\u00e9tiquette qui leur est attribu\u00e9e.<\/p>\n\n\n\n<p>Deuxi\u00e8mement, les gouvernements qui font appel \u00e0 des soci\u00e9t\u00e9s priv\u00e9es de s\u00e9curit\u00e9 et de surveillance devraient favoriser une supervision ind\u00e9pendante de ces prestataires. Certaines administrations consid\u00e8rent l\u2019examen externe comme une contrainte qui g\u00e9n\u00e8re des retards inutiles et limite leur capacit\u00e9 \u00e0 garder la ma\u00eetrise d\u2019op\u00e9rations sensibles. Pour favoriser leur adh\u00e9sion, il est essentiel de mettre en avant les risques que repr\u00e9sente le recours \u00e0 des entreprises irresponsables, tant pour la s\u00e9curit\u00e9 nationale que pour leur r\u00e9putation. En l\u2019absence d\u2019un contr\u00f4le rigoureux, par exemple, les donn\u00e9es collect\u00e9es et stock\u00e9es par des soci\u00e9t\u00e9s priv\u00e9es de surveillance peuvent \u00eatre consult\u00e9es par des entit\u00e9s hostiles. Les gouvernements et les responsables politiques ne peuvent donc pas ignorer la n\u00e9cessit\u00e9 de superviser les acteur\u00b7rices priv\u00e9\u00b7es de la surveillance, afin de prot\u00e9ger les citoyens et citoyennes, les espaces de caract\u00e8re civil et les droits humains.<\/p>\n\n\n\n<p>Troisi\u00e8mement, \u00e0 mesure que la demande de services de s\u00e9curit\u00e9 priv\u00e9s augmente, le secteur se d\u00e9veloppe dans de nombreux domaines. Un contr\u00f4le efficace n\u00e9cessite donc des comp\u00e9tences vari\u00e9es couvrant ces nouveaux champs d\u2019activit\u00e9. En mutualisant leurs ressources et en agissant selon des r\u00e8gles et des principes convenus, les organes de contr\u00f4le peuvent g\u00e9rer cette complexit\u00e9 croissante de mani\u00e8re plus efficace. Sans une telle coop\u00e9ration, la capacit\u00e9 institutionnelle \u00e0 garantir la responsabilit\u00e9 s\u2019\u00e9rodera progressivement, avec des r\u00e9percussions sur l\u2019ensemble de la soci\u00e9t\u00e9.<\/p>\n","protected":false},"excerpt":{"rendered":"<p>Selon l\u2019organisation Human Rights Watch, les services priv\u00e9s de surveillance a\u00e9rienne fournis \u00e0 l\u2019Agence europ\u00e9enne de garde-fronti\u00e8res et de garde-c\u00f4tes Frontex ont permis aux garde-c\u00f4tes libyen\u00b7nes de localiser des embarcations de migrant\u00b7es. Ces interceptions ont souvent conduit \u00e0 leur renvoi forc\u00e9 vers la Libye, o\u00f9 ils\u00b7elles sont expos\u00e9\u00b7es \u00e0 de graves violations des droits humains, <a href=\"https:\/\/koff.swisspeace.ch\/apropos\/7456\/surveillance-militarisee-comment-lexternalisation-a-des-acteurs-prives-redefinit-la-gouvernance-et-la-responsabilite\/\" class=\"more-link\">&#8230;<span class=\"screen-reader-text\">  Surveillance militaris\u00e9e \u2013 comment l\u2019externalisation \u00e0 des acteurs priv\u00e9s red\u00e9finit la gouvernance et la responsabilit\u00e9<\/span><\/a><\/p>\n","protected":false},"author":3,"featured_media":7454,"comment_status":"closed","ping_status":"closed","sticky":false,"template":"","format":"standard","meta":{"advgb_blocks_editor_width":"","advgb_blocks_columns_visual_guide":""},"categories":[113],"tags":[],"issue":[515],"acf":[],"author_meta":{"display_name":"\u00e0 propos","author_link":"https:\/\/koff.swisspeace.ch\/apropos\/author\/apropos\/"},"featured_img":"https:\/\/koff.swisspeace.ch\/apropos\/wp-content\/uploads\/2026\/06\/WBDCAF193-600x332.jpg","coauthors":[],"tax_additional":{"categories":{"linked":["<a href=\"https:\/\/koff.swisspeace.ch\/apropos\/category\/reports-fr\/\" class=\"advgb-post-tax-term\">Dossier<\/a>"],"unlinked":["<span class=\"advgb-post-tax-term\">Dossier<\/span>"]}},"comment_count":0,"relative_dates":{"created":"Posted 2 months ago","modified":"Updated 2 months ago"},"absolute_dates":{"created":"Posted on July 2, 2026","modified":"Updated on July 2, 2026"},"absolute_dates_time":{"created":"Posted on July 2, 2026 7:55 am","modified":"Updated on July 2, 2026 3:00 pm"},"featured_img_caption":"","series_order":null,"_links":{"self":[{"href":"https:\/\/koff.swisspeace.ch\/apropos\/wp-json\/wp\/v2\/posts\/7456"}],"collection":[{"href":"https:\/\/koff.swisspeace.ch\/apropos\/wp-json\/wp\/v2\/posts"}],"about":[{"href":"https:\/\/koff.swisspeace.ch\/apropos\/wp-json\/wp\/v2\/types\/post"}],"author":[{"embeddable":true,"href":"https:\/\/koff.swisspeace.ch\/apropos\/wp-json\/wp\/v2\/users\/3"}],"replies":[{"embeddable":true,"href":"https:\/\/koff.swisspeace.ch\/apropos\/wp-json\/wp\/v2\/comments?post=7456"}],"version-history":[{"count":8,"href":"https:\/\/koff.swisspeace.ch\/apropos\/wp-json\/wp\/v2\/posts\/7456\/revisions"}],"predecessor-version":[{"id":7946,"href":"https:\/\/koff.swisspeace.ch\/apropos\/wp-json\/wp\/v2\/posts\/7456\/revisions\/7946"}],"wp:featuredmedia":[{"embeddable":true,"href":"https:\/\/koff.swisspeace.ch\/apropos\/wp-json\/wp\/v2\/media\/7454"}],"wp:attachment":[{"href":"https:\/\/koff.swisspeace.ch\/apropos\/wp-json\/wp\/v2\/media?parent=7456"}],"wp:term":[{"taxonomy":"category","embeddable":true,"href":"https:\/\/koff.swisspeace.ch\/apropos\/wp-json\/wp\/v2\/categories?post=7456"},{"taxonomy":"post_tag","embeddable":true,"href":"https:\/\/koff.swisspeace.ch\/apropos\/wp-json\/wp\/v2\/tags?post=7456"},{"taxonomy":"issue","embeddable":true,"href":"https:\/\/koff.swisspeace.ch\/apropos\/wp-json\/wp\/v2\/issue?post=7456"}],"curies":[{"name":"wp","href":"https:\/\/api.w.org\/{rel}","templated":true}]}}