{"id":7478,"date":"2026-07-02T07:55:23","date_gmt":"2026-07-02T07:55:23","guid":{"rendered":"https:\/\/koff.swisspeace.ch\/apropos\/?p=7478"},"modified":"2026-07-06T08:44:24","modified_gmt":"2026-07-06T08:44:24","slug":"securite-larmee-echoue-deja-a-sa-mission-fondamentale","status":"publish","type":"post","link":"https:\/\/koff.swisspeace.ch\/apropos\/7478\/securite-larmee-echoue-deja-a-sa-mission-fondamentale\/","title":{"rendered":"S\u00e9curit\u00e9 \u2013 l\u2019arm\u00e9e \u00e9choue d\u00e9j\u00e0 \u00e0 sa mission fondamentale"},"content":{"rendered":"\n<p>Depuis des d\u00e9cennies, le r\u00f4le des femmes dans l\u2019arm\u00e9e fait l\u2019objet de d\u00e9bats. Pendant longtemps, l\u2019institution a \u00e9t\u00e9 fa\u00e7onn\u00e9e par des r\u00f4les de genre traditionnels : les hommes comme protecteurs, les femmes comme aidantes. Aujourd\u2019hui encore, la militarisation renforce les violences patriarcales. Pourtant, les responsables politiques continuent de promouvoir &nbsp;une int\u00e9gration accrue des femmes dans l\u2019arm\u00e9e.<\/p>\n\n\n\n<p>\u00ab Un pas vers l\u2019\u00e9mancipation \u00bb ou \u00ab un service rendu \u00e0 la collectivit\u00e9 \u00bb : depuis des d\u00e9cennies, de tels slogans sont utilis\u00e9s pour rendre le service militaire plus attrayant pour les femmes. Actuellement, le Conseil f\u00e9d\u00e9ral travaille \u00e0 une modification de la Constitution f\u00e9d\u00e9rale afin d\u2019introduire une journ\u00e9e d\u2019orientation obligatoire sur l\u2019arm\u00e9e et la protection civile pour les jeunes femmes.<\/p>\n\n\n\n<p>La place des femmes dans l\u2019arm\u00e9e suisse demeure depuis longtemps controvers\u00e9e. Avant la Seconde Guerre mondiale, le Service compl\u00e9mentaire f\u00e9minin a \u00e9t\u00e9 cr\u00e9\u00e9. Les femmes y assumaient principalement des t\u00e2ches en cuisine, des postes de campagne ou de transport \u2013 des fonctions qui correspondaient \u00e0 la conception de leurs r\u00f4les de l\u2019\u00e9poque.<\/p>\n\n\n\n<p><strong>Une obligation de protection civile avant m\u00eame le droit de vote des femmes<\/strong><\/p>\n\n\n\n<p>En 1957, une votation a eu lieu sur une loi relative \u00e0 la protection civile, qui pr\u00e9voyait \u00e9galement un service militaire obligatoire pour les femmes. Le projet a \u00e9t\u00e9 rejet\u00e9. Les organisations f\u00e9minines soutenaient qu\u2019une telle proposition ne pouvait \u00eatre discut\u00e9e qu\u2019une fois que les femmes auraient obtenu le droit de participer aux d\u00e9cisions politiques.<\/p>\n\n\n\n<p>En 1970, le D\u00e9partement militaire f\u00e9d\u00e9ral a \u00e9tudi\u00e9 les moyens d\u2019int\u00e9grer davantage les femmes \u00e0 la d\u00e9fense nationale. Parmi les id\u00e9es propos\u00e9es figurait notamment la cr\u00e9ation d\u2019une arm\u00e9e de r\u00e9serve f\u00e9minine. La r\u00e9partition des r\u00f4les restait toutefois clairement st\u00e9r\u00e9otyp\u00e9e : les hommes devaient combattre arm\u00e9s, tandis que les femmes devaient prot\u00e9ger, soigner et combler les lacunes en mati\u00e8re de ravitaillement. Ces conceptions ont suscit\u00e9 une opposition, tant de la part des f\u00e9ministes que des milieux conservateurs, qui estimaient que les femmes devaient rester au foyer plut\u00f4t que d\u2019entrer dans le \u00ab domaine masculin \u00bb qu\u2019\u00e9tait l\u2019arm\u00e9e.<\/p>\n\n\n\n<p><strong>Les m\u00eames fonctions que les hommes seulement depuis 2004<\/strong><\/p>\n\n\n\n<p>En 1986, le Service compl\u00e9mentaire f\u00e9minin a \u00e9t\u00e9 transform\u00e9 en Service militaire f\u00e9minin. Les femmes pouvaient d\u00e9sormais acc\u00e9der \u00e0 des grades militaires, mais restaient non arm\u00e9es. Ce n\u2019est qu\u2019\u00e0 partir de 1995 que les \u00e9coles de recrues sont devenues mixtes et seulement depuis 2004 que les femmes peuvent exercer toutes les fonctions de l\u2019arm\u00e9e dont celles qui requi\u00e8rent le port d\u2019armes.<\/p>\n\n\n\n<p>En 2022, la conseill\u00e8re f\u00e9d\u00e9rale Viola Amherd a ouvert le Bureau Femmes dans l\u2019arm\u00e9e et Diversit\u00e9 (FiAD). Une <a href=\"https:\/\/www.vtg.admin.ch\/de\/diskriminierung-und-sexualisierte-gewalt\" target=\"_blank\" rel=\"noreferrer noopener\">\u00e9tude publi\u00e9e par le FiAD en 2024 <\/a>confirme que la militarisation renforce les rapports de pouvoir existants, notamment les violences patriarcales et les in\u00e9galit\u00e9s entre les sexes. Alors que les violences fond\u00e9es sur le genre sont d\u00e9j\u00e0 largement r\u00e9pandues dans la soci\u00e9t\u00e9, l\u2019\u00e9tude indique qu\u2019elles sont encore plus fr\u00e9quentes au sein de l\u2019arm\u00e9e, en particulier pour les femmes et les personnes queer. Les personnes interrog\u00e9es sont touch\u00e9es diff\u00e9remment par les discriminations, mais toutes consid\u00e8rent que la culture de l\u2019institution en est la principale cause.<\/p>\n\n\n\n<p><strong>Des contradictions fondamentales<\/strong><\/p>\n\n\n\n<p>Alors que l\u2019int\u00e9gration des femmes est souvent pr\u00e9sent\u00e9e comme un progr\u00e8s et un pas vers l\u2019\u00e9galit\u00e9, l\u2019institution militaire reste \u00e9troitement li\u00e9e \u00e0 des structures patriarcales, \u00e0 la violence et aux in\u00e9galit\u00e9s. D\u2019un point de vue de la politique de paix, il est d\u2019ailleurs l\u00e9gitime de se demander si l\u2019extension de l\u2019arm\u00e9e conduit r\u00e9ellement \u00e0 davantage de s\u00e9curit\u00e9 et de paix.<\/p>\n\n\n\n<p>Par ailleurs, les femmes apportent d\u00e9j\u00e0 une contribution consid\u00e9rable \u00e0 la soci\u00e9t\u00e9 sans effectuer de service militaire. Selon l\u2019Office f\u00e9d\u00e9ral de la statistique, en 2024, les femmes ont consacr\u00e9 en moyenne <a href=\"https:\/\/www.bfs.admin.ch\/bfs\/rm\/home.gnpdetail.2025-0579.html\" target=\"_blank\" rel=\"noreferrer noopener\">36 heures par semaine<\/a> \u00e0 des activit\u00e9s de soins et d\u2019assistance non r\u00e9mun\u00e9r\u00e9es au service de la collectivit\u00e9. La valeur \u00e9conomique annuelle de ce travail est estim\u00e9e \u00e0 <a href=\"https:\/\/www.beobachter.ch\/arbeit-bildung\/lohn\/frauen-leisten-gratisarbeit-fur-322-milliarden-franken-832110\" target=\"_blank\" rel=\"noreferrer noopener\">322 milliards de francs<\/a> suisses. Une v\u00e9ritable \u00e9galit\u00e9 passe donc par la reconnaissance et la valorisation de ce travail non r\u00e9mun\u00e9r\u00e9, et non par l\u2019obligation faite aux femmes d\u2019effectuer un service militaire.<\/p>\n","protected":false},"excerpt":{"rendered":"<p>Depuis des d\u00e9cennies, le r\u00f4le des femmes dans l\u2019arm\u00e9e fait l\u2019objet de d\u00e9bats. Pendant longtemps, l\u2019institution a \u00e9t\u00e9 fa\u00e7onn\u00e9e par des r\u00f4les de genre traditionnels : les hommes comme protecteurs, les femmes comme aidantes. Aujourd\u2019hui encore, la militarisation renforce les violences patriarcales. Pourtant, les responsables politiques continuent de promouvoir &nbsp;une int\u00e9gration accrue des femmes dans <a href=\"https:\/\/koff.swisspeace.ch\/apropos\/7478\/securite-larmee-echoue-deja-a-sa-mission-fondamentale\/\" class=\"more-link\">&#8230;<span class=\"screen-reader-text\">  S\u00e9curit\u00e9 \u2013 l\u2019arm\u00e9e \u00e9choue d\u00e9j\u00e0 \u00e0 sa mission fondamentale<\/span><\/a><\/p>\n","protected":false},"author":3,"featured_media":7870,"comment_status":"closed","ping_status":"closed","sticky":false,"template":"","format":"standard","meta":{"advgb_blocks_editor_width":"","advgb_blocks_columns_visual_guide":""},"categories":[113],"tags":[],"issue":[515],"acf":[],"author_meta":{"display_name":"\u00e0 propos","author_link":"https:\/\/koff.swisspeace.ch\/apropos\/author\/apropos\/"},"featured_img":"https:\/\/koff.swisspeace.ch\/apropos\/wp-content\/uploads\/2026\/07\/WBFrieda193-2-600x331.jpg","coauthors":[],"tax_additional":{"categories":{"linked":["<a href=\"https:\/\/koff.swisspeace.ch\/apropos\/category\/reports-fr\/\" class=\"advgb-post-tax-term\">Dossier<\/a>"],"unlinked":["<span class=\"advgb-post-tax-term\">Dossier<\/span>"]}},"comment_count":0,"relative_dates":{"created":"Posted 2 months ago","modified":"Updated 2 months ago"},"absolute_dates":{"created":"Posted on July 2, 2026","modified":"Updated on July 6, 2026"},"absolute_dates_time":{"created":"Posted on July 2, 2026 7:55 am","modified":"Updated on July 6, 2026 8:44 am"},"featured_img_caption":"","series_order":null,"_links":{"self":[{"href":"https:\/\/koff.swisspeace.ch\/apropos\/wp-json\/wp\/v2\/posts\/7478"}],"collection":[{"href":"https:\/\/koff.swisspeace.ch\/apropos\/wp-json\/wp\/v2\/posts"}],"about":[{"href":"https:\/\/koff.swisspeace.ch\/apropos\/wp-json\/wp\/v2\/types\/post"}],"author":[{"embeddable":true,"href":"https:\/\/koff.swisspeace.ch\/apropos\/wp-json\/wp\/v2\/users\/3"}],"replies":[{"embeddable":true,"href":"https:\/\/koff.swisspeace.ch\/apropos\/wp-json\/wp\/v2\/comments?post=7478"}],"version-history":[{"count":12,"href":"https:\/\/koff.swisspeace.ch\/apropos\/wp-json\/wp\/v2\/posts\/7478\/revisions"}],"predecessor-version":[{"id":7953,"href":"https:\/\/koff.swisspeace.ch\/apropos\/wp-json\/wp\/v2\/posts\/7478\/revisions\/7953"}],"wp:featuredmedia":[{"embeddable":true,"href":"https:\/\/koff.swisspeace.ch\/apropos\/wp-json\/wp\/v2\/media\/7870"}],"wp:attachment":[{"href":"https:\/\/koff.swisspeace.ch\/apropos\/wp-json\/wp\/v2\/media?parent=7478"}],"wp:term":[{"taxonomy":"category","embeddable":true,"href":"https:\/\/koff.swisspeace.ch\/apropos\/wp-json\/wp\/v2\/categories?post=7478"},{"taxonomy":"post_tag","embeddable":true,"href":"https:\/\/koff.swisspeace.ch\/apropos\/wp-json\/wp\/v2\/tags?post=7478"},{"taxonomy":"issue","embeddable":true,"href":"https:\/\/koff.swisspeace.ch\/apropos\/wp-json\/wp\/v2\/issue?post=7478"}],"curies":[{"name":"wp","href":"https:\/\/api.w.org\/{rel}","templated":true}]}}