{"id":7506,"date":"2026-07-02T07:55:23","date_gmt":"2026-07-02T07:55:23","guid":{"rendered":"https:\/\/koff.swisspeace.ch\/apropos\/?p=7506"},"modified":"2026-07-15T11:39:18","modified_gmt":"2026-07-15T11:39:18","slug":"repenser-la-securite-au-soudan-du-sud-de-la-militarisation-a-la-securite-humaine","status":"publish","type":"post","link":"https:\/\/koff.swisspeace.ch\/apropos\/7506\/repenser-la-securite-au-soudan-du-sud-de-la-militarisation-a-la-securite-humaine\/","title":{"rendered":"Repenser la s\u00e9curit\u00e9 au Soudan du Sud \u2013 de la militarisation \u00e0 la s\u00e9curit\u00e9 humaine"},"content":{"rendered":"\n<p>Partout dans le monde, les gouvernements d\u00e9finissent de plus en plus la s\u00e9curit\u00e9 \u00e0 travers la militarisation et l\u2019augmentation des budgets de d\u00e9fense. Au Soudan du Sud, cette tendance a des cons\u00e9quences directes sur la vie quotidienne. Au lieu de renforcer la s\u00e9curit\u00e9, elle accro\u00eet souvent l\u2019ins\u00e9curit\u00e9, en particulier pour les populations les plus vuln\u00e9rables, tout en fragilisant les fondements sociaux sur lesquels les communaut\u00e9s s\u2019appuient.<\/p>\n\n\n\n<p>L\u2019augmentation des investissements dans les structures militaires se fait souvent au d\u00e9triment de services essentiels tels que la sant\u00e9, l\u2019\u00e9ducation ou les moyens de subsistance. Pourtant, ce sont pr\u00e9cis\u00e9ment ces syst\u00e8mes qui favorisent la dignit\u00e9 humaine et la stabilit\u00e9 \u00e0 long terme.<\/p>\n\n\n\n<p>Lorsque la s\u00e9curit\u00e9 est envisag\u00e9e principalement sous un angle militaire, la violence tend \u00e0 augmenter. La circulation accrue des armes accro\u00eet les risques de leur usage abusif, notamment dans les vols de b\u00e9tail, les violences intercommunautaires et les violences bas\u00e9es sur le genre.<\/p>\n\n\n\n<p>La peur devient alors une r\u00e9alit\u00e9 quotidienne, poussant les populations \u00e0 se d\u00e9placer avant m\u00eame que les conflits n\u2019\u00e9clatent. Les individus ne fuient pas uniquement les conflits ouverts mais partent \u00e9galement lorsqu\u2019ils per\u00e7oivent un risque accru de violence. Au Soudan du Sud, m\u00eame les r\u00e9gions relativement stables restent expos\u00e9es \u00e0 une menace permanente. Les cons\u00e9quences d\u00e9passent les fronti\u00e8res nationales : les mouvements de r\u00e9fugi\u00e9\u00b7es et de personnes retournant dans leur pays d\u2019origine suite \u00e0 la crise Sud-Soudanaise impactent les pays voisins, notamment l\u2019Ouganda et le Kenya. Les ins\u00e9curit\u00e9s engendr\u00e9es par la militarisation n\u00e9cessitent donc des r\u00e9ponses \u00e0 l\u2019\u00e9chelle r\u00e9gionale.<\/p>\n\n\n\n<p>Depuis plus de cinquante ans, Mission 21 travaille aux c\u00f4t\u00e9s d\u2019organisations partenaires confessionnelles, profond\u00e9ment enracin\u00e9es dans leurs communaut\u00e9s, afin de promouvoir la consolidation de la paix au Soudan du Sud. Le projet s&#8217;appuie sur une approche \u00ab ascendante \u00bb (\u00ab bottom-up \u00bb), privil\u00e9giant l&#8217;\u00e9coute des communaut\u00e9s et une collaboration \u00e9troite avec des partenaires locaux solidement ancr\u00e9s dans leur environnement. Cette d\u00e9marche permet de r\u00e9pondre aux besoins r\u00e9els des personnes concern\u00e9es, tout en prenant en compte leur v\u00e9cu. Ces partenariats favorisent \u00e9galement le dialogue avec les autorit\u00e9s locales afin de promouvoir la confiance, le dialogue et le partage des responsabilit\u00e9s, sans renforcer les logiques de s\u00e9curit\u00e9 militaris\u00e9es. En d\u00e9finitive, ce travail invite \u00e0 adopter une conception plus large de la s\u00e9curit\u00e9.<\/p>\n\n\n\n<p>Pour Mission 21, la s\u00e9curit\u00e9 signifie que les personnes puissent vivre dans la dignit\u00e9, prot\u00e9ger leurs familles, subvenir \u00e0 leurs besoins et acc\u00e9der aux services de base. Dans l\u2019ensemble de ses activit\u00e9s, y compris dans les situations d\u2019urgence, Mission 21 int\u00e8gre la consolidation de la paix, la r\u00e9conciliation et le pardon comme \u00e9l\u00e9ments centraux de son approche. M\u00eame dans les contextes de crise et d\u2019aide humanitaire, l\u2019organisation cherche \u00e0 renforcer le dialogue, la confiance et les m\u00e9canismes non violents de r\u00e9solution des conflits, afin que l\u2019assistance imm\u00e9diate ne contribue pas involontairement \u00e0 exacerber les tensions, mais soutienne au contraire la coh\u00e9sion sociale et le respect mutuel.<\/p>\n\n\n\n<p>Le chemin vers une paix durable au Soudan du Sud passe par le renforcement des communaut\u00e9s, la promotion de la dignit\u00e9 humaine et la reconnaissance de la consolidation de la paix comme fondement essentiel de la s\u00e9curit\u00e9. Enfin, une coop\u00e9ration renforc\u00e9e entre les acteurs humanitaires, du d\u00e9veloppement et de la paix est indispensable pour promouvoir des approches de s\u00e9curit\u00e9 globales et centr\u00e9es sur les populations.<\/p>\n","protected":false},"excerpt":{"rendered":"<p>Partout dans le monde, les gouvernements d\u00e9finissent de plus en plus la s\u00e9curit\u00e9 \u00e0 travers la militarisation et l\u2019augmentation des budgets de d\u00e9fense. Au Soudan du Sud, cette tendance a des cons\u00e9quences directes sur la vie quotidienne. Au lieu de renforcer la s\u00e9curit\u00e9, elle accro\u00eet souvent l\u2019ins\u00e9curit\u00e9, en particulier pour les populations les plus vuln\u00e9rables, <a href=\"https:\/\/koff.swisspeace.ch\/apropos\/7506\/repenser-la-securite-au-soudan-du-sud-de-la-militarisation-a-la-securite-humaine\/\" class=\"more-link\">&#8230;<span class=\"screen-reader-text\">  Repenser la s\u00e9curit\u00e9 au Soudan du Sud \u2013 de la militarisation \u00e0 la s\u00e9curit\u00e9 humaine<\/span><\/a><\/p>\n","protected":false},"author":3,"featured_media":7496,"comment_status":"closed","ping_status":"closed","sticky":false,"template":"","format":"standard","meta":{"advgb_blocks_editor_width":"","advgb_blocks_columns_visual_guide":""},"categories":[113],"tags":[],"issue":[515],"acf":[],"author_meta":{"display_name":"\u00e0 propos","author_link":"https:\/\/koff.swisspeace.ch\/apropos\/author\/apropos\/"},"featured_img":"https:\/\/koff.swisspeace.ch\/apropos\/wp-content\/uploads\/2026\/06\/PEACE-MISSION-EIGHT-600x338.jpg","coauthors":[],"tax_additional":{"categories":{"linked":["<a href=\"https:\/\/koff.swisspeace.ch\/apropos\/category\/reports-fr\/\" class=\"advgb-post-tax-term\">Dossier<\/a>"],"unlinked":["<span class=\"advgb-post-tax-term\">Dossier<\/span>"]}},"comment_count":0,"relative_dates":{"created":"Posted 2 months ago","modified":"Updated 2 months ago"},"absolute_dates":{"created":"Posted on July 2, 2026","modified":"Updated on July 15, 2026"},"absolute_dates_time":{"created":"Posted on July 2, 2026 7:55 am","modified":"Updated on July 15, 2026 11:39 am"},"featured_img_caption":"","series_order":null,"_links":{"self":[{"href":"https:\/\/koff.swisspeace.ch\/apropos\/wp-json\/wp\/v2\/posts\/7506"}],"collection":[{"href":"https:\/\/koff.swisspeace.ch\/apropos\/wp-json\/wp\/v2\/posts"}],"about":[{"href":"https:\/\/koff.swisspeace.ch\/apropos\/wp-json\/wp\/v2\/types\/post"}],"author":[{"embeddable":true,"href":"https:\/\/koff.swisspeace.ch\/apropos\/wp-json\/wp\/v2\/users\/3"}],"replies":[{"embeddable":true,"href":"https:\/\/koff.swisspeace.ch\/apropos\/wp-json\/wp\/v2\/comments?post=7506"}],"version-history":[{"count":8,"href":"https:\/\/koff.swisspeace.ch\/apropos\/wp-json\/wp\/v2\/posts\/7506\/revisions"}],"predecessor-version":[{"id":7957,"href":"https:\/\/koff.swisspeace.ch\/apropos\/wp-json\/wp\/v2\/posts\/7506\/revisions\/7957"}],"wp:featuredmedia":[{"embeddable":true,"href":"https:\/\/koff.swisspeace.ch\/apropos\/wp-json\/wp\/v2\/media\/7496"}],"wp:attachment":[{"href":"https:\/\/koff.swisspeace.ch\/apropos\/wp-json\/wp\/v2\/media?parent=7506"}],"wp:term":[{"taxonomy":"category","embeddable":true,"href":"https:\/\/koff.swisspeace.ch\/apropos\/wp-json\/wp\/v2\/categories?post=7506"},{"taxonomy":"post_tag","embeddable":true,"href":"https:\/\/koff.swisspeace.ch\/apropos\/wp-json\/wp\/v2\/tags?post=7506"},{"taxonomy":"issue","embeddable":true,"href":"https:\/\/koff.swisspeace.ch\/apropos\/wp-json\/wp\/v2\/issue?post=7506"}],"curies":[{"name":"wp","href":"https:\/\/api.w.org\/{rel}","templated":true}]}}