{"id":7530,"date":"2026-07-02T07:55:23","date_gmt":"2026-07-02T07:55:23","guid":{"rendered":"https:\/\/koff.swisspeace.ch\/apropos\/?p=7530"},"modified":"2026-07-02T08:32:59","modified_gmt":"2026-07-02T08:32:59","slug":"les-limites-dune-paix-militarisee","status":"publish","type":"post","link":"https:\/\/koff.swisspeace.ch\/apropos\/7530\/les-limites-dune-paix-militarisee\/","title":{"rendered":"Michoac\u00e1n \u2013 Les limites d&#8217;une paix militaris\u00e9e"},"content":{"rendered":"\n<p>Le 9 novembre 2025, la pr\u00e9sidente mexicaine Claudia Sheinbaum a lanc\u00e9 le Plan Michoac\u00e1n pour la Paix et la Justice mobilisant 12 500 militaires et 57 milliards de pesos (environ 2,5 milliards de CHF). Son objectif : r\u00e9tablir la s\u00e9curit\u00e9 dans un \u00c9tat durement touch\u00e9 par la violence du crime organis\u00e9. Pourtant, ce plan omettait toute protection sp\u00e9cifique pour les d\u00e9fenseur\u00b7euses des droits humains, les communaut\u00e9s autochtones et les journalistes, alors m\u00eame qu\u2019ils\u00b7elles figurent parmi les plus expos\u00e9\u00b7es \u00e0 cette violence.<\/p>\n\n\n\n<p>D\u00e8s l\u2019annonce du Plan, le Conseil Supr\u00eame des Peuples Autochtones du Michoac\u00e1n) <a href=\"https:\/\/www.congresonacionalindigena.org\/2025\/11\/11\/plan-michoacan-discriminatorio-unilateral-y-enganoso-comunidades-indigenas-csim\/\">d\u00e9non\u00e7ait<\/a> une initiative \u00ab discriminatoire, unilat\u00e9rale et trompeuse \u00bb \u00e9labor\u00e9e sans consultation des peuples autochtones. Six mois apr\u00e8s le lancement de ce plan, <a href=\"https:\/\/regladetres.com.mx\/plan-michoacan-no-para-todos\/\">une analyse<\/a> bas\u00e9e sur les donn\u00e9es officielles a d\u00e9montr\u00e9 une hausse de la criminalit\u00e9 dans plus de la moiti\u00e9 des municipalit\u00e9s du Michoac\u00e1n. Le 5 mai 2026, la reprise d\u2019affrontements entre groupes criminels \u00e0 Apatzing\u00e1n a forc\u00e9 668 personnes <a href=\"https:\/\/www.proceso.com.mx\/nacional\/2026\/5\/15\/hace-agua-el-plan-michoacan-retiran-base-militar-el-narco-destierra-668-personas-374062.html\">\u00e0 fuir leurs foyers<\/a>. Pour Julio Franco de l&#8217;Observatoire de s\u00e9curit\u00e9 humaine d&#8217;Apatzing\u00e1n, \u00ab le d\u00e9ploiement accru des forces de s\u00e9curit\u00e9 ne fait que consolider la militarisation, sans renforcer l&#8217;autorit\u00e9 de l&#8217;\u00c9tat mexicain ni l&#8217;\u00c9tat de droit sur ces territoires. \u00bb Les communaut\u00e9s pur\u00e9pecha d\u2019Acachu\u00e9n ont dress\u00e9 un constat similaire, qualifiant le Plan d\u2019\u00ab <a href=\"https:\/\/www.proceso.com.mx\/nacional\/2026\/5\/16\/habitantes-de-acachuen-exigen-al-gobernador-acudir-dialogar-en-su-comunidad-por-su-seguridad-374177.html\">\u00e9chec total<\/a> \u00bb.<\/p>\n\n\n\n<p>Dans ce contexte, l\u2019Espacio OSC \u2013 une plateforme nationale regroupant des organisations de d\u00e9fense des droits humains et de la libert\u00e9 de la presse, accompagn\u00e9e par PBI Mexique depuis plus de dix ans \u2013<a href=\"https:\/\/espacio.osc.mx\/2025\/11\/20\/plan-michoacan-por-la-paz-y-la-justicia-debe-proteger-a-personas-periodistas-y-defensoras-de-derechos-humanos\/\"> a demand\u00e9 <\/a>&nbsp;que le Plan reconnaisse les d\u00e9fenseur\u00b7euses et les journalistes comme des groupes ayant des besoins sp\u00e9cifiques de protection. Cette demande rev\u00eat une importance particuli\u00e8re au Michoac\u00e1n, qui compte aujourd&#8217;hui 158 b\u00e9n\u00e9ficiaires du M\u00e9canisme f\u00e9d\u00e9ral de protection, ce qui en fait le troisi\u00e8me \u00c9tat le plus concern\u00e9 du pays. Pourtant, le Plan ne les mentionne pas.<\/p>\n\n\n\n<p>Sur place, PBI accompagne le R\u00e9seau de Solidarit\u00e9 pour les Droits Humains (<a href=\"https:\/\/www.facebook.com\/redsolidariadh\/?locale=es_LA\" target=\"_blank\" rel=\"noreferrer noopener\">Red Solidaria de Derechos Humanos de Michoac\u00e1n<\/a>), dont fait partie la d\u00e9fenseuse pur\u00e9pecha Claudia Ignacio \u00c1lvarez. En d\u00e9cembre 2025, dans le cadre d&#8217;une tourn\u00e9e de plaidoyer de PBI, elle s&#8217;est rendue au Royaume-Uni pour rencontrer des parlementaires britanniques et le ministre des droits humains. \u00c9voquant les <a href=\"https:\/\/peacebrigades.org.uk\/news\/an-evening-of-solidarity-and-environmental-justice-with-two-indigenous-women-human-rights-defenders\">risques<\/a> auxquels font face les personnes d\u00e9fenseuses autochtones, elle a d\u00e9clar\u00e9 : \u00ab Les femmes pur\u00e9pecha sont battues lorsqu&#8217;elles prennent la parole. La police arrive en tenue anti-\u00e9meute pour m&#8217;intimider, pour m&#8217;emp\u00eacher de parler ou d&#8217;agir. Nous sommes suivi\u00b7es partout. Des policiers lourdement arm\u00e9s stationnent devant nos maisons et nous surveillent. La police a m\u00eame menac\u00e9 de me tuer. \u00bb<\/p>\n\n\n\n<p>L&#8217;exp\u00e9rience du Michoac\u00e1n illustre les limites des approches ax\u00e9es principalement sur le d\u00e9ploiement militaire en vue du r\u00e9tablissement de la paix. Pour les personnes d\u00e9fenseuses, les journalistes et les communaut\u00e9s autochtones, la s\u00e9curit\u00e9 passe aussi par la protection des droits, l&#8217;acc\u00e8s \u00e0 la justice et le maintien d&#8217;un espace civique ouvert. Dans ce contexte, le travail de PBI est toujours plus pertinent: l\u2019accompagnement des acteurs et actrices de la soci\u00e9t\u00e9 civile \u00e0 travers le renforcement de leur visibilit\u00e9 et de leurs r\u00e9seaux de soutien, afin qu&#8217;ils\u00b7elles puissent poursuivre leur travail malgr\u00e9 les risques induits par la militarisation en hausse.<\/p>\n","protected":false},"excerpt":{"rendered":"<p>Le 9 novembre 2025, la pr\u00e9sidente mexicaine Claudia Sheinbaum a lanc\u00e9 le Plan Michoac\u00e1n pour la Paix et la Justice mobilisant 12 500 militaires et 57 milliards de pesos (environ 2,5 milliards de CHF). Son objectif : r\u00e9tablir la s\u00e9curit\u00e9 dans un \u00c9tat durement touch\u00e9 par la violence du crime organis\u00e9. Pourtant, ce plan omettait <a href=\"https:\/\/koff.swisspeace.ch\/apropos\/7530\/les-limites-dune-paix-militarisee\/\" class=\"more-link\">&#8230;<span class=\"screen-reader-text\">  Michoac\u00e1n \u2013 Les limites d&#8217;une paix militaris\u00e9e<\/span><\/a><\/p>\n","protected":false},"author":3,"featured_media":7514,"comment_status":"closed","ping_status":"closed","sticky":false,"template":"","format":"standard","meta":{"advgb_blocks_editor_width":"","advgb_blocks_columns_visual_guide":""},"categories":[113],"tags":[],"issue":[515],"acf":[],"author_meta":{"display_name":"\u00e0 propos","author_link":"https:\/\/koff.swisspeace.ch\/apropos\/author\/apropos\/"},"featured_img":"https:\/\/koff.swisspeace.ch\/apropos\/wp-content\/uploads\/2026\/06\/PBI193-600x332.jpg","coauthors":[],"tax_additional":{"categories":{"linked":["<a href=\"https:\/\/koff.swisspeace.ch\/apropos\/category\/reports-fr\/\" class=\"advgb-post-tax-term\">Dossier<\/a>"],"unlinked":["<span class=\"advgb-post-tax-term\">Dossier<\/span>"]}},"comment_count":0,"relative_dates":{"created":"Posted 2 months ago","modified":"Updated 2 months ago"},"absolute_dates":{"created":"Posted on July 2, 2026","modified":"Updated on July 2, 2026"},"absolute_dates_time":{"created":"Posted on July 2, 2026 7:55 am","modified":"Updated on July 2, 2026 8:32 am"},"featured_img_caption":"","series_order":null,"_links":{"self":[{"href":"https:\/\/koff.swisspeace.ch\/apropos\/wp-json\/wp\/v2\/posts\/7530"}],"collection":[{"href":"https:\/\/koff.swisspeace.ch\/apropos\/wp-json\/wp\/v2\/posts"}],"about":[{"href":"https:\/\/koff.swisspeace.ch\/apropos\/wp-json\/wp\/v2\/types\/post"}],"author":[{"embeddable":true,"href":"https:\/\/koff.swisspeace.ch\/apropos\/wp-json\/wp\/v2\/users\/3"}],"replies":[{"embeddable":true,"href":"https:\/\/koff.swisspeace.ch\/apropos\/wp-json\/wp\/v2\/comments?post=7530"}],"version-history":[{"count":14,"href":"https:\/\/koff.swisspeace.ch\/apropos\/wp-json\/wp\/v2\/posts\/7530\/revisions"}],"predecessor-version":[{"id":7926,"href":"https:\/\/koff.swisspeace.ch\/apropos\/wp-json\/wp\/v2\/posts\/7530\/revisions\/7926"}],"wp:featuredmedia":[{"embeddable":true,"href":"https:\/\/koff.swisspeace.ch\/apropos\/wp-json\/wp\/v2\/media\/7514"}],"wp:attachment":[{"href":"https:\/\/koff.swisspeace.ch\/apropos\/wp-json\/wp\/v2\/media?parent=7530"}],"wp:term":[{"taxonomy":"category","embeddable":true,"href":"https:\/\/koff.swisspeace.ch\/apropos\/wp-json\/wp\/v2\/categories?post=7530"},{"taxonomy":"post_tag","embeddable":true,"href":"https:\/\/koff.swisspeace.ch\/apropos\/wp-json\/wp\/v2\/tags?post=7530"},{"taxonomy":"issue","embeddable":true,"href":"https:\/\/koff.swisspeace.ch\/apropos\/wp-json\/wp\/v2\/issue?post=7530"}],"curies":[{"name":"wp","href":"https:\/\/api.w.org\/{rel}","templated":true}]}}