{"id":7550,"date":"2026-07-02T07:55:24","date_gmt":"2026-07-02T07:55:24","guid":{"rendered":"https:\/\/koff.swisspeace.ch\/apropos\/?p=7550"},"modified":"2026-07-02T07:55:24","modified_gmt":"2026-07-02T07:55:24","slug":"repenser-la-securite-de-la-militarisation-a-la-solidarite-humaine","status":"publish","type":"post","link":"https:\/\/koff.swisspeace.ch\/apropos\/7550\/repenser-la-securite-de-la-militarisation-a-la-solidarite-humaine\/","title":{"rendered":"Repenser la s\u00e9curit\u00e9 \u2013 de la militarisation \u00e0 la solidarit\u00e9 humaine"},"content":{"rendered":"\n<p>La nouvelle <a rel=\"noreferrer noopener\" href=\"https:\/\/www.sepos.admin.ch\/fr\/strategie-de-politique-de-securite\" target=\"_blank\">Strat\u00e9gie en mati\u00e8re de politique de s\u00e9curit\u00e9<\/a> du Secr\u00e9tariat d\u2019\u00c9tat \u00e0 la politique de s\u00e9curit\u00e9 (SEPOS) refl\u00e8te la tendance mondiale au renforcement des capacit\u00e9s militaires et \u00e0 l\u2019augmentation des d\u00e9penses de d\u00e9fense. Elle met l\u2019accent sur la r\u00e9silience nationale et la capacit\u00e9 de d\u00e9fense autonome face \u00e0 une multitude de menaces modernes et hybrides. Toutefois, elle ne reconna\u00eet pas suffisamment la paix comme le fondement d\u2019une s\u00e9curit\u00e9 durable.<\/p>\n\n\n\n<p>Les d\u00e9fis actuels ne devraient pas \u00eatre abord\u00e9s principalement par le renforcement des capacit\u00e9s de d\u00e9fense, mais plut\u00f4t par la promotion d\u2019une vision de la s\u00e9curit\u00e9 centr\u00e9e sur les personnes, dans un contexte o\u00f9 les discours politiques sont de plus en plus polaris\u00e9s et s\u00e9curitaires. Cette nouvelle strat\u00e9gie devrait permettre de red\u00e9finir la s\u00e9curit\u00e9 et la r\u00e9silience \u00e0 travers la coh\u00e9sion sociale, non pas comme une pr\u00e9occupation secondaire ou \u00ab douce \u00bb, mais comme \u00e9l\u00e9ment central d\u2019une v\u00e9ritable s\u00e9curit\u00e9. Une conception toujours plus militaris\u00e9e de la s\u00e9curit\u00e9 risque de restreindre notre imagination collective pr\u00e9cis\u00e9ment au moment o\u00f9 l\u2019humanit\u00e9 a besoin d\u2019approches plus inclusives et tourn\u00e9es vers le long terme. Il a fallu deux guerres mondiales pour chercher une solution \u00e0 l\u2019\u00e9chelle internationale et commencer \u00e0 r\u00e9fl\u00e9chir \u00e0 ce que la paix dans le monde pouvait signifier pour le progr\u00e8s de l\u2019humanit\u00e9. Le retour aux solutions militaires et \u00e0 l\u2019isolement traduit une r\u00e9gression.<\/p>\n\n\n\n<p>Les \u00e9crits baha\u2019is consid\u00e8rent la paix comme le r\u00e9sultat de relations justes entre les peuples, les institutions et les nations. Une s\u00e9curit\u00e9 durable repose sur la justice comme fondement, sur la confiance et la coh\u00e9sion sociale, et surtout sur la reconnaissance de l\u2019unit\u00e9 fondamentale de l\u2019humanit\u00e9.<\/p>\n\n\n\n<p>En Colombie, en Inde, en Malaisie, en Zambie et dans d\u2019autres pays, les communaut\u00e9s baha\u2019ies ont contribu\u00e9 au renforcement de la coh\u00e9sion sociale en mettant en \u0153uvre des initiatives favorisant l\u2019\u00e9galit\u00e9 entre les femmes et les hommes. Ce travail men\u00e9 au niveau communautaire a nourri des d\u00e9bats plus larges aux niveaux national et international. La communaut\u00e9 baha\u2019ie de Kiribati souligne que \u00ab la voie \u00e0 suivre exige une approche \u00e0 double niveau : renforcer les initiatives locales visant \u00e0 surmonter les obstacles culturels, tout en veillant \u00e0 ce que les efforts men\u00e9s au niveau national soient v\u00e9ritablement int\u00e9gr\u00e9s dans les r\u00e9alit\u00e9s locales \u00bb. Cette compr\u00e9hension a \u00e9galement \u00e9t\u00e9 mise en avant lors de l\u2019<a rel=\"noreferrer noopener\" href=\"https:\/\/www.bic.org\/news\/rupture-role-communities-bahais-host-latest-promise-world-peace-dialogue-un-member-states-and-civil-society\" target=\"_blank\">\u00e9v\u00e9nement<\/a> \u00ab La Promesse de la paix mondiale \u00bb, organis\u00e9 plus t\u00f4t cette ann\u00e9e par la Communaut\u00e9 internationale baha\u2019ie \u00e0 l\u2019intention des \u00c9tats membres des Nations Unies et de la soci\u00e9t\u00e9 civile.<\/p>\n\n\n\n<p>La Suisse poss\u00e8de une longue tradition de droit international humanitaire, de dialogue et de coop\u00e9ration multilat\u00e9rale. Pour pr\u00e9server ce r\u00f4le, le m\u00eame esprit de confiance et de coop\u00e9ration doit \u00eatre cultiv\u00e9 au sein m\u00eame de la soci\u00e9t\u00e9. La Communaut\u00e9 baha\u2019ie de Suisse estime que le renforcement de cet engagement \u00e0 la base contribuera \u00e0 consolider les relations du pays avec ses voisins et ses partenaires commerciaux.<\/p>\n\n\n\n<p>Dans un monde de plus en plus fragment\u00e9, la s\u00e9curit\u00e9 ne peut se r\u00e9duire \u00e0 des solutions techniques. Elle suppose une prise de conscience renouvel\u00e9e de l\u2019interd\u00e9pendance des soci\u00e9t\u00e9s et un engagement durable en faveur des conditions indispensables \u00e0 la paix.<\/p>\n\n\n\n<p><\/p>\n\n\n\n<p><\/p>\n","protected":false},"excerpt":{"rendered":"<p>La nouvelle Strat\u00e9gie en mati\u00e8re de politique de s\u00e9curit\u00e9 du Secr\u00e9tariat d\u2019\u00c9tat \u00e0 la politique de s\u00e9curit\u00e9 (SEPOS) refl\u00e8te la tendance mondiale au renforcement des capacit\u00e9s militaires et \u00e0 l\u2019augmentation des d\u00e9penses de d\u00e9fense. Elle met l\u2019accent sur la r\u00e9silience nationale et la capacit\u00e9 de d\u00e9fense autonome face \u00e0 une multitude de menaces modernes et <a href=\"https:\/\/koff.swisspeace.ch\/apropos\/7550\/repenser-la-securite-de-la-militarisation-a-la-solidarite-humaine\/\" class=\"more-link\">&#8230;<span class=\"screen-reader-text\">  Repenser la s\u00e9curit\u00e9 \u2013 de la militarisation \u00e0 la solidarit\u00e9 humaine<\/span><\/a><\/p>\n","protected":false},"author":3,"featured_media":7538,"comment_status":"closed","ping_status":"closed","sticky":false,"template":"","format":"standard","meta":{"advgb_blocks_editor_width":"","advgb_blocks_columns_visual_guide":""},"categories":[113],"tags":[],"issue":[515],"acf":[],"author_meta":{"display_name":"\u00e0 propos","author_link":"https:\/\/koff.swisspeace.ch\/apropos\/author\/apropos\/"},"featured_img":"https:\/\/koff.swisspeace.ch\/apropos\/wp-content\/uploads\/2026\/06\/WB193_Bahai-600x332.jpg","coauthors":[],"tax_additional":{"categories":{"linked":["<a href=\"https:\/\/koff.swisspeace.ch\/apropos\/category\/reports-fr\/\" class=\"advgb-post-tax-term\">Dossier<\/a>"],"unlinked":["<span class=\"advgb-post-tax-term\">Dossier<\/span>"]}},"comment_count":0,"relative_dates":{"created":"Posted 2 months ago","modified":"Updated 2 months ago"},"absolute_dates":{"created":"Posted on July 2, 2026","modified":"Updated on July 2, 2026"},"absolute_dates_time":{"created":"Posted on July 2, 2026 7:55 am","modified":"Updated on July 2, 2026 7:55 am"},"featured_img_caption":"","series_order":null,"_links":{"self":[{"href":"https:\/\/koff.swisspeace.ch\/apropos\/wp-json\/wp\/v2\/posts\/7550"}],"collection":[{"href":"https:\/\/koff.swisspeace.ch\/apropos\/wp-json\/wp\/v2\/posts"}],"about":[{"href":"https:\/\/koff.swisspeace.ch\/apropos\/wp-json\/wp\/v2\/types\/post"}],"author":[{"embeddable":true,"href":"https:\/\/koff.swisspeace.ch\/apropos\/wp-json\/wp\/v2\/users\/3"}],"replies":[{"embeddable":true,"href":"https:\/\/koff.swisspeace.ch\/apropos\/wp-json\/wp\/v2\/comments?post=7550"}],"version-history":[{"count":12,"href":"https:\/\/koff.swisspeace.ch\/apropos\/wp-json\/wp\/v2\/posts\/7550\/revisions"}],"predecessor-version":[{"id":7890,"href":"https:\/\/koff.swisspeace.ch\/apropos\/wp-json\/wp\/v2\/posts\/7550\/revisions\/7890"}],"wp:featuredmedia":[{"embeddable":true,"href":"https:\/\/koff.swisspeace.ch\/apropos\/wp-json\/wp\/v2\/media\/7538"}],"wp:attachment":[{"href":"https:\/\/koff.swisspeace.ch\/apropos\/wp-json\/wp\/v2\/media?parent=7550"}],"wp:term":[{"taxonomy":"category","embeddable":true,"href":"https:\/\/koff.swisspeace.ch\/apropos\/wp-json\/wp\/v2\/categories?post=7550"},{"taxonomy":"post_tag","embeddable":true,"href":"https:\/\/koff.swisspeace.ch\/apropos\/wp-json\/wp\/v2\/tags?post=7550"},{"taxonomy":"issue","embeddable":true,"href":"https:\/\/koff.swisspeace.ch\/apropos\/wp-json\/wp\/v2\/issue?post=7550"}],"curies":[{"name":"wp","href":"https:\/\/api.w.org\/{rel}","templated":true}]}}