{"id":7556,"date":"2026-07-02T08:29:05","date_gmt":"2026-07-02T08:29:05","guid":{"rendered":"https:\/\/koff.swisspeace.ch\/apropos\/?p=7556"},"modified":"2026-07-02T08:29:05","modified_gmt":"2026-07-02T08:29:05","slug":"neuausrichtung-der-sicherheit-von-der-militarisierung-zur-geeinten-menschheit","status":"publish","type":"post","link":"https:\/\/koff.swisspeace.ch\/apropos\/7556\/neuausrichtung-der-sicherheit-von-der-militarisierung-zur-geeinten-menschheit\/","title":{"rendered":"Neuausrichtung der Sicherheit \u2013 von der Militarisierung zur geeinten Menschheit"},"content":{"rendered":"\n<p>Die neue <a rel=\"noreferrer noopener\" href=\"https:\/\/www.sepos.admin.ch\/de\/sicherheitspolitische-strategie\" target=\"_blank\">Sicherheitspolitische Strategie<\/a> des Staatssekretariats f\u00fcr Sicherheitspolitik (SEPOS) widerspiegelt die weltweite Entwicklung hin zu mehr milit\u00e4rischer Vorsorge und h\u00f6heren Verteidigungsausgaben.&nbsp;Sie unterstreicht die Bedeutung nationaler Resilienz und autonomer Verteidigungsf\u00e4higkeit angesichts unz\u00e4hliger moderner und hybrider Bedrohungen. Dass Frieden eigentlich die Grundlage f\u00fcr langfristige Sicherheit ist, findet in der Strategie zu wenig Beachtung.&nbsp;&nbsp;<\/p>\n\n\n\n<p>In einem politischen Diskurs, der immer st\u00e4rker von Polarisierung und Sicherheitsfragen gepr\u00e4gt ist, sollten wir den gegenw\u00e4rtigen Herausforderungen nicht prim\u00e4r mit dem Ausbau der Verteidigungsf\u00e4higkeit begegnen. Vielmehr gilt es, <em>einen auf Menschen konzentrierten Sicherheitsansatz zu f\u00f6rdern<\/em>. Die neue Strategie ist eine Chance, Sicherheit und Resilienz durch sozialen Zusammenhalt neu zu definieren, und zwar nicht als zweitrangiges \u00abweiches\u00bb Anliegen, sondern als Kernelement wahrer Sicherheit. Durch ein zunehmend militarisiertes Verst\u00e4ndnis von Sicherheitsrisiken schr\u00e4nken wir unsere kollektive Vorstellungskraft ein \u2013 ausgerechnet in einer Zeit, in der die Menschheit inklusivere und langfristigere Perspektiven braucht. Zwei Weltkriege hat es gebraucht, um endlich eine L\u00f6sung auf globaler Ebene zu suchen und dar\u00fcber nachzudenken, was Weltfrieden f\u00fcr den Fortschritt der Menschheit bedeuten k\u00f6nnte. Eine R\u00fcckkehr zu milit\u00e4rischen L\u00f6sungen und Isolierung ist ein R\u00fcckschritt.&nbsp;<\/p>\n\n\n\n<p>In den Schriften der Bah\u00e1\u2019\u00ed gilt Frieden als das Ergebnis gerechter Beziehungen zwischen Menschen, Institutionen und Nationen. Dauerhafte Sicherheit gr\u00fcndet auf Gerechtigkeit, Vertrauen sowie sozialem Zusammenhalt. Und auf der Erkenntnis, dass wir alle eins sind.&nbsp;<\/p>\n\n\n\n<p>In Kolumbien, Indien, Malaysia, Sambia und anderen L\u00e4ndern setzen sich Bah\u00e1\u2019\u00ed-Gemeinden daf\u00fcr ein, den sozialen Zusammenhalt unter anderem durch Initiativen f\u00fcr Geschlechtergleichstellung zu st\u00e4rken. Dies beeinflusst auch den Diskurs auf nationaler und globaler Ebene. Die Bah\u00e1\u2019\u00ed-Gemeinde in Kiribati empfiehlt: \u00abDer Weg in die Zukunft f\u00fchrt \u00fcber einen zweifachen Ansatz: St\u00e4rkung von Initiativen an der Basis, um kulturelle Barrieren zu \u00fcberwinden, und sinnvolle Umsetzung nationaler Massnahmen in lokalen Kontexten.\u00bb<sup>1<\/sup> So lautete auch der Tenor der diesj\u00e4hrigen \u00abPromise of World Peace\u00bb, einer <a rel=\"noreferrer noopener\" href=\"https:\/\/www.bic.org\/perspectives\/view-delegates-foundations-peace-go-beyond-theory\" target=\"_blank\">Veranstaltung<\/a> der Internationalen Bah\u00e1\u2019\u00ed-Gemeinde f\u00fcr UNO-Mitgliedstaaten und die Zivilgesellschaft.<\/p>\n\n\n\n<p>Die Schweiz tr\u00e4gt seit Langem zum humanit\u00e4ren V\u00f6lkerrecht, zum internationalen Dialog und zur multilateralen Zusammenarbeit bei. Durch eine \u00dcbertragung dieses Engagements auf die Basis-Ebene k\u00f6nne das Land die Beziehungen zu seinen Nachbarl\u00e4ndern und Handelspartner:innen st\u00e4rken, so die Schweizer Bah\u00e1\u2019\u00ed-Gemeinde.&nbsp;<\/p>\n\n\n\n<p>In einer Zeit zunehmender Zersplitterung erfordert Sicherheit weit mehr als technische L\u00f6sungen. Es braucht ein neues Bewusstsein f\u00fcr die Verbundenheit aller Menschen und die Verpflichtung, die Voraussetzungen f\u00fcr Frieden zu schaffen.&nbsp;&nbsp;<\/p>\n\n\n\n<figure class=\"wp-block-image size-full\"><img decoding=\"async\" width=\"603\" height=\"1\" src=\"https:\/\/koff.swisspeace.ch\/apropos\/wp-content\/uploads\/2026\/06\/image-1.png\" alt=\"\" class=\"wp-image-7557\" srcset=\"https:\/\/koff.swisspeace.ch\/apropos\/wp-content\/uploads\/2026\/06\/image-1.png 603w, https:\/\/koff.swisspeace.ch\/apropos\/wp-content\/uploads\/2026\/06\/image-1-600x1.png 600w, https:\/\/koff.swisspeace.ch\/apropos\/wp-content\/uploads\/2026\/06\/image-1-150x1.png 150w\" sizes=\"(max-width: 603px) 100vw, 603px\" \/><\/figure>\n\n\n\n<p><\/p>\n","protected":false},"excerpt":{"rendered":"<p>Die neue Sicherheitspolitische Strategie des Staatssekretariats f\u00fcr Sicherheitspolitik (SEPOS) widerspiegelt die weltweite Entwicklung hin zu mehr milit\u00e4rischer Vorsorge und h\u00f6heren Verteidigungsausgaben.&nbsp;Sie unterstreicht die Bedeutung nationaler Resilienz und autonomer Verteidigungsf\u00e4higkeit angesichts unz\u00e4hliger moderner und hybrider Bedrohungen. Dass Frieden eigentlich die Grundlage f\u00fcr langfristige Sicherheit ist, findet in der Strategie zu wenig Beachtung.&nbsp;&nbsp; In einem politischen Diskurs, <a href=\"https:\/\/koff.swisspeace.ch\/apropos\/7556\/neuausrichtung-der-sicherheit-von-der-militarisierung-zur-geeinten-menschheit\/\" class=\"more-link\">&#8230;<span class=\"screen-reader-text\">  Neuausrichtung der Sicherheit \u2013 von der Militarisierung zur geeinten Menschheit<\/span><\/a><\/p>\n","protected":false},"author":3,"featured_media":7538,"comment_status":"closed","ping_status":"closed","sticky":false,"template":"","format":"standard","meta":{"advgb_blocks_editor_width":"","advgb_blocks_columns_visual_guide":""},"categories":[73],"tags":[],"issue":[513],"acf":[],"author_meta":{"display_name":"\u00e0 propos","author_link":"https:\/\/koff.swisspeace.ch\/apropos\/author\/apropos\/"},"featured_img":"https:\/\/koff.swisspeace.ch\/apropos\/wp-content\/uploads\/2026\/06\/WB193_Bahai-600x332.jpg","coauthors":[],"tax_additional":{"categories":{"linked":["<a href=\"https:\/\/koff.swisspeace.ch\/apropos\/category\/reports-de\/\" class=\"advgb-post-tax-term\">Dossier<\/a>"],"unlinked":["<span class=\"advgb-post-tax-term\">Dossier<\/span>"]}},"comment_count":0,"relative_dates":{"created":"Posted 2 months ago","modified":"Updated 2 months ago"},"absolute_dates":{"created":"Posted on July 2, 2026","modified":"Updated on July 2, 2026"},"absolute_dates_time":{"created":"Posted on July 2, 2026 8:29 am","modified":"Updated on July 2, 2026 8:29 am"},"featured_img_caption":"","series_order":null,"_links":{"self":[{"href":"https:\/\/koff.swisspeace.ch\/apropos\/wp-json\/wp\/v2\/posts\/7556"}],"collection":[{"href":"https:\/\/koff.swisspeace.ch\/apropos\/wp-json\/wp\/v2\/posts"}],"about":[{"href":"https:\/\/koff.swisspeace.ch\/apropos\/wp-json\/wp\/v2\/types\/post"}],"author":[{"embeddable":true,"href":"https:\/\/koff.swisspeace.ch\/apropos\/wp-json\/wp\/v2\/users\/3"}],"replies":[{"embeddable":true,"href":"https:\/\/koff.swisspeace.ch\/apropos\/wp-json\/wp\/v2\/comments?post=7556"}],"version-history":[{"count":7,"href":"https:\/\/koff.swisspeace.ch\/apropos\/wp-json\/wp\/v2\/posts\/7556\/revisions"}],"predecessor-version":[{"id":7888,"href":"https:\/\/koff.swisspeace.ch\/apropos\/wp-json\/wp\/v2\/posts\/7556\/revisions\/7888"}],"wp:featuredmedia":[{"embeddable":true,"href":"https:\/\/koff.swisspeace.ch\/apropos\/wp-json\/wp\/v2\/media\/7538"}],"wp:attachment":[{"href":"https:\/\/koff.swisspeace.ch\/apropos\/wp-json\/wp\/v2\/media?parent=7556"}],"wp:term":[{"taxonomy":"category","embeddable":true,"href":"https:\/\/koff.swisspeace.ch\/apropos\/wp-json\/wp\/v2\/categories?post=7556"},{"taxonomy":"post_tag","embeddable":true,"href":"https:\/\/koff.swisspeace.ch\/apropos\/wp-json\/wp\/v2\/tags?post=7556"},{"taxonomy":"issue","embeddable":true,"href":"https:\/\/koff.swisspeace.ch\/apropos\/wp-json\/wp\/v2\/issue?post=7556"}],"curies":[{"name":"wp","href":"https:\/\/api.w.org\/{rel}","templated":true}]}}