{"id":759,"date":"2023-02-23T15:42:32","date_gmt":"2023-02-23T15:42:32","guid":{"rendered":"https:\/\/koff.swisspeace.ch\/apropos\/?p=759"},"modified":"2023-02-24T09:53:53","modified_gmt":"2023-02-24T09:53:53","slug":"coworking-a-la-khaus-reunions-collaboration-evenements","status":"publish","type":"post","link":"https:\/\/koff.swisspeace.ch\/apropos\/759\/coworking-a-la-khaus-reunions-collaboration-evenements\/","title":{"rendered":"Coworking \u00e0 la kHaus &#8211; r\u00e9unions, collaboration, \u00e9v\u00e9nements"},"content":{"rendered":"\n<p><\/p>\n\n\n\n<p>La kHaus est un centre culturel et cr\u00e9atif ouvert et anim\u00e9 &#8211; un lieu de rencontre et d&#8217;innovation au c\u0153ur de B\u00e2le. De nombreuses organisations, ainsi que des personnes engag\u00e9\u00b7es dans les secteurs culturel et cr\u00e9atif utilisent l&#8217;espace de collaboratif de la KHaus pour travailler, apprendre les un\u00b7es des autres, critiquer et innover. Avec son concept d&#8217;utilisation co-cr\u00e9ative et participative, la KHaus est un lieu \u00e0 utiliser pour des \u00e9v\u00e9nements internes et publics dans des salles aux usages vari\u00e9s. Profitez du charme du b\u00e2timent principal de la caserne, r\u00e9cemment r\u00e9nov\u00e9, et des synergies avec la population pour donner de la visibilit\u00e9 \u00e0 votre projet dans la ville !<\/p>\n\n\n\n<p><\/p>\n","protected":false},"excerpt":{"rendered":"<p>La kHaus est un centre culturel et cr\u00e9atif ouvert et anim\u00e9 &#8211; un lieu de rencontre et d&#8217;innovation au c\u0153ur de B\u00e2le. De nombreuses organisations, ainsi que des personnes engag\u00e9\u00b7es dans les secteurs culturel et cr\u00e9atif utilisent l&#8217;espace de collaboratif de la KHaus pour travailler, apprendre les un\u00b7es des autres, critiquer et innover. Avec son <a href=\"https:\/\/koff.swisspeace.ch\/apropos\/759\/coworking-a-la-khaus-reunions-collaboration-evenements\/\" class=\"more-link\">&#8230;<span class=\"screen-reader-text\">  Coworking \u00e0 la kHaus &#8211; r\u00e9unions, collaboration, \u00e9v\u00e9nements<\/span><\/a><\/p>\n","protected":false},"author":3,"featured_media":751,"comment_status":"open","ping_status":"open","sticky":false,"template":"","format":"standard","meta":{"advgb_blocks_editor_width":"","advgb_blocks_columns_visual_guide":""},"categories":[99],"tags":[],"issue":[135],"acf":[],"author_meta":{"display_name":"\u00e0 propos","author_link":"https:\/\/koff.swisspeace.ch\/apropos\/author\/apropos\/"},"featured_img":"https:\/\/koff.swisspeace.ch\/apropos\/wp-content\/uploads\/2023\/02\/News_Khaus-600x332.png","coauthors":[],"tax_additional":{"categories":{"linked":["<a href=\"https:\/\/koff.swisspeace.ch\/apropos\/category\/news-fr\/\" class=\"advgb-post-tax-term\">Actualit\u00e9<\/a>"],"unlinked":["<span class=\"advgb-post-tax-term\">Actualit\u00e9<\/span>"]}},"comment_count":0,"relative_dates":{"created":"Posted 4 years ago","modified":"Updated 4 years ago"},"absolute_dates":{"created":"Posted on February 23, 2023","modified":"Updated on February 24, 2023"},"absolute_dates_time":{"created":"Posted on February 23, 2023 3:42 pm","modified":"Updated on February 24, 2023 9:53 am"},"featured_img_caption":"","series_order":null,"_links":{"self":[{"href":"https:\/\/koff.swisspeace.ch\/apropos\/wp-json\/wp\/v2\/posts\/759"}],"collection":[{"href":"https:\/\/koff.swisspeace.ch\/apropos\/wp-json\/wp\/v2\/posts"}],"about":[{"href":"https:\/\/koff.swisspeace.ch\/apropos\/wp-json\/wp\/v2\/types\/post"}],"author":[{"embeddable":true,"href":"https:\/\/koff.swisspeace.ch\/apropos\/wp-json\/wp\/v2\/users\/3"}],"replies":[{"embeddable":true,"href":"https:\/\/koff.swisspeace.ch\/apropos\/wp-json\/wp\/v2\/comments?post=759"}],"version-history":[{"count":4,"href":"https:\/\/koff.swisspeace.ch\/apropos\/wp-json\/wp\/v2\/posts\/759\/revisions"}],"predecessor-version":[{"id":1057,"href":"https:\/\/koff.swisspeace.ch\/apropos\/wp-json\/wp\/v2\/posts\/759\/revisions\/1057"}],"wp:featuredmedia":[{"embeddable":true,"href":"https:\/\/koff.swisspeace.ch\/apropos\/wp-json\/wp\/v2\/media\/751"}],"wp:attachment":[{"href":"https:\/\/koff.swisspeace.ch\/apropos\/wp-json\/wp\/v2\/media?parent=759"}],"wp:term":[{"taxonomy":"category","embeddable":true,"href":"https:\/\/koff.swisspeace.ch\/apropos\/wp-json\/wp\/v2\/categories?post=759"},{"taxonomy":"post_tag","embeddable":true,"href":"https:\/\/koff.swisspeace.ch\/apropos\/wp-json\/wp\/v2\/tags?post=759"},{"taxonomy":"issue","embeddable":true,"href":"https:\/\/koff.swisspeace.ch\/apropos\/wp-json\/wp\/v2\/issue?post=759"}],"curies":[{"name":"wp","href":"https:\/\/api.w.org\/{rel}","templated":true}]}}