{"id":7593,"date":"2026-07-02T07:55:24","date_gmt":"2026-07-02T07:55:24","guid":{"rendered":"https:\/\/koff.swisspeace.ch\/apropos\/?p=7593"},"modified":"2026-07-02T07:55:24","modified_gmt":"2026-07-02T07:55:24","slug":"la-technologie-sans-frontieres-comment-la-militarisation-des-technologies-menace-une-securite-centree-sur-les-personnes","status":"publish","type":"post","link":"https:\/\/koff.swisspeace.ch\/apropos\/7593\/la-technologie-sans-frontieres-comment-la-militarisation-des-technologies-menace-une-securite-centree-sur-les-personnes\/","title":{"rendered":"La technologie sans fronti\u00e8res \u2013 Comment la militarisation des technologies menace une s\u00e9curit\u00e9 centr\u00e9e sur les personnes"},"content":{"rendered":"\n<p>Une course technologique mondiale, aliment\u00e9e par des investissements publics et priv\u00e9s en forte croissance, red\u00e9finit les fronti\u00e8res entre les sph\u00e8res civiles et militaires. Ce ph\u00e9nom\u00e8ne fragilise les conditions qui rendent possible un travail efficace de consolidation de la paix. Le projet <em><a href=\"https:\/\/privacyinternational.org\/campaigns\/militarisation-of-tech\" target=\"_blank\" rel=\"noreferrer noopener\">Challenging Militarization of Tech<\/a><\/em> (\u00ab <em>Remise en cause de la militarisation des technologies<\/em> \u00bb) de Privacy International examine comment les m\u00eames syst\u00e8mes \u00e0 forte intensit\u00e9 de donn\u00e9es \u2014 notamment les outils de surveillance, les infrastructures de cloud computing et d\u2019autres technologies num\u00e9riques \u2014 sont de plus en plus d\u00e9ploy\u00e9s \u00e0 la fois dans les domaines civils et militaires. Cette \u00e9volution s\u2019accompagne d\u2019une perte de transparence et de contr\u00f4le, avec des cons\u00e9quences importantes pour les droits humains et la redevabilit\u00e9. Il ne s\u2019agit pas d\u2019un probl\u00e8me technique abstrait : cela influence directement la confiance accord\u00e9e \u00e0 un m\u00e9diateur dans une zone de conflit, la capacit\u00e9 d\u2019une ONG locale \u00e0 prot\u00e9ger ses sources ou encore l\u2019orientation des financements vers la pr\u00e9vention des conflits plut\u00f4t que vers des applications militaires.<\/p>\n\n\n\n<p>Des exemples r\u00e9cents illustrent cette tendance. Corsight AI a d\u00e9velopp\u00e9 des syst\u00e8mes de reconnaissance faciale d\u2019abord <a rel=\"noreferrer noopener\" href=\"https:\/\/privacyinternational.org\/long-read\/5671\/key-concerns-regarding-governance-era-militarisation-tech\" target=\"_blank\">test\u00e9s dans des zones de guerre<\/a> avant d\u2019\u00eatre commercialis\u00e9s \u00e0 des fins de <a rel=\"noreferrer noopener\" href=\"https:\/\/tech.hindustantimes.com\/tech\/news\/israeli-firm-corsight-ai-raises-5-million-for-tech-to-recognise-mask-covered-faces-story-oFVexg98IELFdnn91S33WI.html\" target=\"_blank\">surveillance civile<\/a>. Palantir, entreprise sp\u00e9cialis\u00e9e dans l\u2019analyse de donn\u00e9es et partenaire du secteur de la d\u00e9fense, collabore avec le Programme alimentaire mondial afin de soutenir l\u2019acheminement de l\u2019<a rel=\"noreferrer noopener\" href=\"https:\/\/privacyinternational.org\/news-analysis\/2712\/one-uns-largest-aid-programmes-just-signed-deal-cia-backed-data-monolith\" target=\"_blank\">aide humanitaire <\/a>et avec le m\u00e9canisme de s\u00e9curit\u00e9 sociale (\u00ab National Health Service \u00bb) britannique pour <a rel=\"noreferrer noopener\" href=\"https:\/\/corporatewatch.org\/palantir-briefing-march-2026\/\" target=\"_blank\">centraliser les donn\u00e9es des patients<\/a>. Dans le m\u00eame temps, ses syst\u00e8mes sont \u00e9galement utilis\u00e9s pour <a rel=\"noreferrer noopener\" href=\"https:\/\/www.middleeastmonitor.com\/20251222-swiss-foreign-ministry-has-palantir-on-radar-over-gaza-linked-concerns-report\/\" target=\"_blank\">soutenir des op\u00e9rations militaires<\/a> \u00e0 Gaza. Plus largement, de nombreux outils d\u2019intelligence artificielle utilis\u00e9s dans les conflits arm\u00e9s sont, sur le plan technique, quasiment indiscernables de ceux adopt\u00e9s par les gouvernements pour g\u00e9rer les services publics. Ils sont souvent d\u00e9velopp\u00e9s par les m\u00eames entreprises, reposent sur les m\u00eames infrastructures de donn\u00e9es et b\u00e9n\u00e9ficient des m\u00eames sources de financement.<\/p>\n\n\n\n<p>Pour les organisations de la soci\u00e9t\u00e9 civile, les acteur\u00b7rices de la paix et les communaut\u00e9s qu\u2019ils\u00b7elles soutiennent, ces \u00e9volutions comportent des risques consid\u00e9rables. En 2018, une \u00e9tude men\u00e9e par Privacy International et le Comit\u00e9 international de la Croix-Rouge (CICR) a montr\u00e9 que l\u2019utilisation d\u2019outils num\u00e9riques par les organisations humanitaires peut g\u00e9n\u00e9rer des traces de donn\u00e9es susceptibles d\u2019\u00eatre consult\u00e9es ou exploit\u00e9es par des tiers, mettant potentiellement en danger les b\u00e9n\u00e9ficiaires de l\u2019aide. Cette convergence croissante entre technologies militaires, humanitaires et commerciales affecte \u00e9galement la confiance et la neutralit\u00e9 dont d\u00e9pend le travail de paix. Lorsque les populations ne peuvent plus distinguer qui collecte leurs donn\u00e9es \u2014 qu\u2019il s\u2019agisse d\u2019un acteur\u00b7rice militaire, d\u2019une organisation humanitaire ou de paix, ou d\u2019une plateforme commerciale travaillant pour plusieurs secteurs \u00e0 la fois \u2014 la confiance essentielle envers les m\u00e9diateur\u00b7rices et les artisan\u00b7nes de la paix s\u2019\u00e9rode.<\/p>\n\n\n\n<p>Ces tendances contribuent \u00e0 la concentration des pouvoirs, r\u00e9duisent les m\u00e9canismes de contr\u00f4le et augmentent les risques d\u2019abus. Elles vont \u00e0 l\u2019encontre d\u2019une conception de la s\u00e9curit\u00e9 centr\u00e9e sur les personnes. Pour relever ces d\u00e9fis, une action coordonn\u00e9e est n\u00e9cessaire : les acteur\u00b7rices humanitaires, du d\u00e9veloppement et de la consolidation de la paix, aux c\u00f4t\u00e9s de la soci\u00e9t\u00e9 civile, des acteur\u00b7rices de la s\u00e9curit\u00e9 et des communaut\u00e9s concern\u00e9es, doivent unir leurs efforts pour exiger davantage de transparence et de redevabilit\u00e9 dans la gouvernance des syst\u00e8mes fond\u00e9s sur les donn\u00e9es. Il est \u00e9galement essentiel de rappeler aux d\u00e9cisionnaires politiques que les approches de la s\u00e9curit\u00e9 fond\u00e9es sur les droits humains ne sont pas facultatives, mais le fondement d\u2019une paix durable.<\/p>\n","protected":false},"excerpt":{"rendered":"<p>Une course technologique mondiale, aliment\u00e9e par des investissements publics et priv\u00e9s en forte croissance, red\u00e9finit les fronti\u00e8res entre les sph\u00e8res civiles et militaires. Ce ph\u00e9nom\u00e8ne fragilise les conditions qui rendent possible un travail efficace de consolidation de la paix. Le projet Challenging Militarization of Tech (\u00ab Remise en cause de la militarisation des technologies \u00bb) <a href=\"https:\/\/koff.swisspeace.ch\/apropos\/7593\/la-technologie-sans-frontieres-comment-la-militarisation-des-technologies-menace-une-securite-centree-sur-les-personnes\/\" class=\"more-link\">&#8230;<span class=\"screen-reader-text\">  La technologie sans fronti\u00e8res \u2013 Comment la militarisation des technologies menace une s\u00e9curit\u00e9 centr\u00e9e sur les personnes<\/span><\/a><\/p>\n","protected":false},"author":3,"featured_media":7585,"comment_status":"closed","ping_status":"closed","sticky":false,"template":"","format":"standard","meta":{"advgb_blocks_editor_width":"","advgb_blocks_columns_visual_guide":""},"categories":[113],"tags":[],"issue":[515],"acf":[],"author_meta":{"display_name":"\u00e0 propos","author_link":"https:\/\/koff.swisspeace.ch\/apropos\/author\/apropos\/"},"featured_img":"https:\/\/koff.swisspeace.ch\/apropos\/wp-content\/uploads\/2026\/06\/MoT-Illustration-04-Civic-spaces-town-squares-600x332.jpg","coauthors":[],"tax_additional":{"categories":{"linked":["<a href=\"https:\/\/koff.swisspeace.ch\/apropos\/category\/reports-fr\/\" class=\"advgb-post-tax-term\">Dossier<\/a>"],"unlinked":["<span class=\"advgb-post-tax-term\">Dossier<\/span>"]}},"comment_count":0,"relative_dates":{"created":"Posted 2 months ago","modified":"Updated 2 months ago"},"absolute_dates":{"created":"Posted on July 2, 2026","modified":"Updated on July 2, 2026"},"absolute_dates_time":{"created":"Posted on July 2, 2026 7:55 am","modified":"Updated on July 2, 2026 7:55 am"},"featured_img_caption":"","series_order":null,"_links":{"self":[{"href":"https:\/\/koff.swisspeace.ch\/apropos\/wp-json\/wp\/v2\/posts\/7593"}],"collection":[{"href":"https:\/\/koff.swisspeace.ch\/apropos\/wp-json\/wp\/v2\/posts"}],"about":[{"href":"https:\/\/koff.swisspeace.ch\/apropos\/wp-json\/wp\/v2\/types\/post"}],"author":[{"embeddable":true,"href":"https:\/\/koff.swisspeace.ch\/apropos\/wp-json\/wp\/v2\/users\/3"}],"replies":[{"embeddable":true,"href":"https:\/\/koff.swisspeace.ch\/apropos\/wp-json\/wp\/v2\/comments?post=7593"}],"version-history":[{"count":8,"href":"https:\/\/koff.swisspeace.ch\/apropos\/wp-json\/wp\/v2\/posts\/7593\/revisions"}],"predecessor-version":[{"id":7898,"href":"https:\/\/koff.swisspeace.ch\/apropos\/wp-json\/wp\/v2\/posts\/7593\/revisions\/7898"}],"wp:featuredmedia":[{"embeddable":true,"href":"https:\/\/koff.swisspeace.ch\/apropos\/wp-json\/wp\/v2\/media\/7585"}],"wp:attachment":[{"href":"https:\/\/koff.swisspeace.ch\/apropos\/wp-json\/wp\/v2\/media?parent=7593"}],"wp:term":[{"taxonomy":"category","embeddable":true,"href":"https:\/\/koff.swisspeace.ch\/apropos\/wp-json\/wp\/v2\/categories?post=7593"},{"taxonomy":"post_tag","embeddable":true,"href":"https:\/\/koff.swisspeace.ch\/apropos\/wp-json\/wp\/v2\/tags?post=7593"},{"taxonomy":"issue","embeddable":true,"href":"https:\/\/koff.swisspeace.ch\/apropos\/wp-json\/wp\/v2\/issue?post=7593"}],"curies":[{"name":"wp","href":"https:\/\/api.w.org\/{rel}","templated":true}]}}