{"id":7605,"date":"2026-07-02T07:55:24","date_gmt":"2026-07-02T07:55:24","guid":{"rendered":"https:\/\/koff.swisspeace.ch\/apropos\/?p=7605"},"modified":"2026-07-02T07:55:24","modified_gmt":"2026-07-02T07:55:24","slug":"depenses-militaires-aux-depens-de-la-construction-dune-paix-durable","status":"publish","type":"post","link":"https:\/\/koff.swisspeace.ch\/apropos\/7605\/depenses-militaires-aux-depens-de-la-construction-dune-paix-durable\/","title":{"rendered":"D\u00e9penses militaires \u2013 aux d\u00e9pens de la construction d&#8217;une paix durable"},"content":{"rendered":"\n<p>Jamais les d\u00e9penses militaires mondiales n\u2019ont \u00e9t\u00e9 aussi \u00e9lev\u00e9es et jamais les investissements dans la consolidation de la paix et la pr\u00e9vention des conflits n\u2019ont \u00e9t\u00e9 aussi faibles. Si les d\u00e9penses militaires en 2025 ont atteint un niveau record avec un total de 2 887 milliards de dollars (<a rel=\"noreferrer noopener\" href=\"https:\/\/www.sipri.org\/media\/press-release\/2026\/global-military-spending-rise-continues-european-and-asian-expenditures-surge\" target=\"_blank\">SIPRI, 2025<\/a>), l&#8217;investissement mondial des bailleurs de fonds dans la consolidation de la paix et la pr\u00e9vention des conflits a chut\u00e9 de 12 % (<a rel=\"noreferrer noopener\" href=\"https:\/\/gppi.net\/2025\/07\/09\/peace-security-aid-in-crisis-rethinking-civilian-investment-and-local-leadership\" target=\"_blank\">GPPI, 2025<\/a>) entre 2018 et 2023. Cette tendance s\u2019est encore aggrav\u00e9e depuis l\u2019entr\u00e9e en fonctions de l\u2019administration Trump en janvier 2025 et la r\u00e9duction massive des financements publics destin\u00e9s \u00e0 l\u2019aide internationale.<\/p>\n\n\n\n<p>Bien que la situation s\u00e9curitaire globale soit pr\u00e9occupante, investir majoritairement dans la r\u00e9ponse militaire ne garantit ni une s\u00e9curit\u00e9 \u00e0 long terme, ni une paix durable. Pire, l&#8217;augmentation des d\u00e9penses militaires alimente la militarisation des soci\u00e9t\u00e9s et favorise donc la violence et l&#8217;ins\u00e9curit\u00e9. Elle se fait \u00e9galement aux d\u00e9pens des investissements sociaux essentiels et des \u00e9l\u00e9ments favorisants une paix durable, tels que la sant\u00e9, l\u2019\u00e9ducation et la coop\u00e9ration internationale. L\u2019impact environnemental d\u00e9vastateur des industries militaires, qui aggrave les crises climatiques et, par ricochet, les conflits, doit \u00e9galement \u00eatre pris en compte. \u00c0 terme, un r\u00e9armement effr\u00e9n\u00e9 entra\u00eene des dommages durables, surtout lorsqu&#8217;il n&#8217;est pas accompagn\u00e9 d&#8217;investissements \u00e9quivalents en mati\u00e8re de pr\u00e9vention des conflits.<\/p>\n\n\n\n<p>Cette augmentation a des cons\u00e9quences directes sur le travail des femmes et des f\u00e9ministes engag\u00e9\u00b7e\u00b7x\u00b7s pour la paix que PeaceWomen Across the Globe (PWAG)\u202fsoutient ; face \u00e0 l\u2019aggravation des conflits, \u00e0 l\u2019augmentation des besoins d\u2019urgence et psychosociaux et \u00e0 la r\u00e9duction de l\u2019espace civique, les femmes sont les premi\u00e8res \u00e0 payer, mais aussi les premi\u00e8res \u00e0 venir en aide. Pourtant, elles continuent d\u2019\u00eatre d\u00e9lib\u00e9r\u00e9ment exclues des discussions qui d\u00e9finissent l\u2019avenir de leur pays. Pour contrer cette tendance, notre \u00ab arme \u00bb reste une construction de paix f\u00e9ministe. Cela signifie cr\u00e9er et soutenir des r\u00e9seaux et des alliances politiques qui renforcent la visibilit\u00e9 du travail men\u00e9 par les femmes et les f\u00e9ministes engag\u00e9\u00b7e\u00b7x\u00b7s pour la paix. Cela implique aussi de continuer d\u2019insister, aupr\u00e8s des bailleurs, aupr\u00e8s des \u00e9tats et des personnes influentes lorsque nous y avons acc\u00e8s, pour que les femmes ne soient pas laiss\u00e9es \u00e0 l\u2019\u00e9cart des processus de paix. Enfin, \u00ab s\u2019armer \u00bb sous le prisme f\u00e9ministe signifie ouvrir des espaces, en pleine guerre, o\u00f9 la paix peut \u00eatre envisag\u00e9e et discut\u00e9e.<\/p>\n\n\n\n<p>Les conflits arm\u00e9s ne sont pas in\u00e9vitables. La paix n&#8217;est pas statique. L\u2019un comme l\u2019autre est le r\u00e9sultat de l\u2019action humaine et politique. Les dirigeant\u00b7es ont donc le choix : construire un monde pacifique et investir dans la construction de la paix, de mani\u00e8re non-violente, ou contribuer \u00e0 perp\u00e9tuer la violence. Un rappel s&#8217;impose : l\u2019augmentation des armes ne rend pas le monde plus s\u00fbr. La paix, quant \u00e0 elle, requiert un espace civique ouvert, une volont\u00e9 politique et des investissements transformateurs.<br><\/p>\n","protected":false},"excerpt":{"rendered":"<p>Jamais les d\u00e9penses militaires mondiales n\u2019ont \u00e9t\u00e9 aussi \u00e9lev\u00e9es et jamais les investissements dans la consolidation de la paix et la pr\u00e9vention des conflits n\u2019ont \u00e9t\u00e9 aussi faibles. Si les d\u00e9penses militaires en 2025 ont atteint un niveau record avec un total de 2 887 milliards de dollars (SIPRI, 2025), l&#8217;investissement mondial des bailleurs de <a href=\"https:\/\/koff.swisspeace.ch\/apropos\/7605\/depenses-militaires-aux-depens-de-la-construction-dune-paix-durable\/\" class=\"more-link\">&#8230;<span class=\"screen-reader-text\">  D\u00e9penses militaires \u2013 aux d\u00e9pens de la construction d&#8217;une paix durable<\/span><\/a><\/p>\n","protected":false},"author":3,"featured_media":7812,"comment_status":"closed","ping_status":"closed","sticky":false,"template":"","format":"standard","meta":{"advgb_blocks_editor_width":"","advgb_blocks_columns_visual_guide":""},"categories":[113],"tags":[],"issue":[515],"acf":[],"author_meta":{"display_name":"\u00e0 propos","author_link":"https:\/\/koff.swisspeace.ch\/apropos\/author\/apropos\/"},"featured_img":"https:\/\/koff.swisspeace.ch\/apropos\/wp-content\/uploads\/2026\/06\/PWAG193-600x332.jpg","coauthors":[],"tax_additional":{"categories":{"linked":["<a href=\"https:\/\/koff.swisspeace.ch\/apropos\/category\/reports-fr\/\" class=\"advgb-post-tax-term\">Dossier<\/a>"],"unlinked":["<span class=\"advgb-post-tax-term\">Dossier<\/span>"]}},"comment_count":0,"relative_dates":{"created":"Posted 2 months ago","modified":"Updated 2 months ago"},"absolute_dates":{"created":"Posted on July 2, 2026","modified":"Updated on July 2, 2026"},"absolute_dates_time":{"created":"Posted on July 2, 2026 7:55 am","modified":"Updated on July 2, 2026 7:55 am"},"featured_img_caption":"","series_order":null,"_links":{"self":[{"href":"https:\/\/koff.swisspeace.ch\/apropos\/wp-json\/wp\/v2\/posts\/7605"}],"collection":[{"href":"https:\/\/koff.swisspeace.ch\/apropos\/wp-json\/wp\/v2\/posts"}],"about":[{"href":"https:\/\/koff.swisspeace.ch\/apropos\/wp-json\/wp\/v2\/types\/post"}],"author":[{"embeddable":true,"href":"https:\/\/koff.swisspeace.ch\/apropos\/wp-json\/wp\/v2\/users\/3"}],"replies":[{"embeddable":true,"href":"https:\/\/koff.swisspeace.ch\/apropos\/wp-json\/wp\/v2\/comments?post=7605"}],"version-history":[{"count":6,"href":"https:\/\/koff.swisspeace.ch\/apropos\/wp-json\/wp\/v2\/posts\/7605\/revisions"}],"predecessor-version":[{"id":7877,"href":"https:\/\/koff.swisspeace.ch\/apropos\/wp-json\/wp\/v2\/posts\/7605\/revisions\/7877"}],"wp:featuredmedia":[{"embeddable":true,"href":"https:\/\/koff.swisspeace.ch\/apropos\/wp-json\/wp\/v2\/media\/7812"}],"wp:attachment":[{"href":"https:\/\/koff.swisspeace.ch\/apropos\/wp-json\/wp\/v2\/media?parent=7605"}],"wp:term":[{"taxonomy":"category","embeddable":true,"href":"https:\/\/koff.swisspeace.ch\/apropos\/wp-json\/wp\/v2\/categories?post=7605"},{"taxonomy":"post_tag","embeddable":true,"href":"https:\/\/koff.swisspeace.ch\/apropos\/wp-json\/wp\/v2\/tags?post=7605"},{"taxonomy":"issue","embeddable":true,"href":"https:\/\/koff.swisspeace.ch\/apropos\/wp-json\/wp\/v2\/issue?post=7605"}],"curies":[{"name":"wp","href":"https:\/\/api.w.org\/{rel}","templated":true}]}}