{"id":7624,"date":"2026-07-02T07:55:24","date_gmt":"2026-07-02T07:55:24","guid":{"rendered":"https:\/\/koff.swisspeace.ch\/apropos\/?p=7624"},"modified":"2026-07-02T07:55:24","modified_gmt":"2026-07-02T07:55:24","slug":"militarisation-ou-non","status":"publish","type":"post","link":"https:\/\/koff.swisspeace.ch\/apropos\/7624\/militarisation-ou-non\/","title":{"rendered":"Militarisation \u2013 ou non"},"content":{"rendered":"\n<p><em>\u00c9tat du monde<\/em><br>Les \u00c9tats sont les principaux acteurs de la guerre. Ils disposent d\u2019arm\u00e9es, d\u2019armes et des moyens n\u00e9cessaires pour superviser leur production. La guerre et les moyens de la guerre sont majoritairement men\u00e9s et utilis\u00e9s par des hommes, \u00e0 l\u2019exception des objecteur\u00b7rices de conscience, des personnes qui refusent le service militaire ou ne sont pas soumises \u00e0 la conscription. Les d\u00e9couvertes arch\u00e9ologiques les plus r\u00e9centes sugg\u00e8rent que la guerre est un ph\u00e9nom\u00e8ne relativement r\u00e9cent dans l\u2019histoire humaine, apparu il y a quelque 7 000 \u00e0 15 000 ans.<br>Depuis 1945, la guerre est interdite par la Charte des Nations Unies. Celle-ci impose le r\u00e8glement pacifique des diff\u00e9rends et interdit le recours \u00e0 la force ou \u00e0 la menace, \u00e0 l\u2019exception de la l\u00e9gitime d\u00e9fense (dont la d\u00e9finition demeure impr\u00e9cise) et des actions autoris\u00e9es pour r\u00e9tablir ou maintenir la paix.<br>Les arm\u00e9es peuvent \u00eatre r\u00e9parties en trois grandes cat\u00e9gories selon leurs effectifs ou leurs budgets : 1) Les \u00c9tats sans arm\u00e9e ou dot\u00e9s de micro-arm\u00e9es (moins de 10 000 membres des forces arm\u00e9es). 2) Les \u00c9tats disposant d\u2019arm\u00e9es de taille moyenne (moins de 200 000 membres). 3) Les \u00c9tats poss\u00e9dant de grandes arm\u00e9es, les dix plus importantes comptant plus d\u2019un million de membres.<\/p>\n\n\n\n<p><em>Pourquoi la non-militarisation est-elle importante ?<\/em><br>L\u2019existence d\u2019\u00c9tats sans arm\u00e9e ainsi que de pays particuli\u00e8rement attach\u00e9s \u00e0 la paix, comme le Costa Rica, d\u00e9montre que la guerre n\u2019est pas inh\u00e9rente au mod\u00e8le sociopolitique de l\u2019\u00c9tat-nation. Il existe des alternatives \u00e0 la possibilit\u00e9 de faire la guerre, des moyens permettant de s\u2019\u00e9loigner progressivement du fl\u00e9au de la guerre et de d\u00e9velopper des solutions plus efficaces que la dissuasion ou le recours \u00e0 la force.<br>Apr\u00e8s avoir recens\u00e9 les pays susceptibles d\u2019\u00eatre consid\u00e9r\u00e9s comme non militaris\u00e9s, \u00e9tabli des crit\u00e8res permettant de les identifier, d\u00e9crit les fondements juridiques de leur absence d\u2019arm\u00e9e et leurs dispositifs de s\u00e9curit\u00e9, l\u2019APRED s\u2019est tourn\u00e9e vers l\u2019identification et la conception de politiques globales de paix. Cette approche rejoint aujourd\u2019hui celle de la Commission de consolidation de la paix des Nations Unies et s\u2019inscrit dans les orientations du \u00ab&nbsp;Pacte pour l\u2019avenir&nbsp;\u00bb adopt\u00e9 par l\u2019ONU en 2025, lequel encourage tous les \u00c9tats \u00e0 \u00e9laborer des politiques de pr\u00e9vention de toutes les violences.<br>Par le biais de l\u2019Examen p\u00e9riodique universel des droits humains de tous les \u00c9tats au Conseil des Droits de l\u2019Homme \u00e0 l\u2019ONU, l\u2019APRED encourage les pays disposant de petites arm\u00e9es \u00e0 int\u00e9grer celles-ci dans les forces de police et de protection civile&nbsp;; lesquels deviendront de plus en plus n\u00e9cessaires pour r\u00e9pondre aux d\u00e9fis li\u00e9s au changement climatique. L\u2019\u00cele Maurice a toujours maintenu l\u2019ensemble de ses forces de s\u00e9curit\u00e9 au sein de la police, tandis que le Vanuatu a r\u00e9int\u00e9gr\u00e9 ses forces arm\u00e9es au sein des services de police. La non-militarisation m\u00e9rite \u00e9galement d\u2019\u00eatre examin\u00e9e sous l\u2019angle du genre, certaines recherches sugg\u00e9rant que les femmes sont ou se sentent plus en s\u00e9curit\u00e9 dans les pays d\u00e9pourvus d\u2019arm\u00e9e.<br>L\u2019\u00e9tude de la non-militarisation a permis de faire \u00e9merger une nouvelle vision de la paix et de mettre en lumi\u00e8re plusieurs constats encourageants. L\u2019un des plus remarquables est que la quasi-totalit\u00e9 de ces pays figure parmi les mieux class\u00e9s dans les indices internationaux de d\u00e9mocratie.<\/p>\n","protected":false},"excerpt":{"rendered":"<p>\u00c9tat du mondeLes \u00c9tats sont les principaux acteurs de la guerre. Ils disposent d\u2019arm\u00e9es, d\u2019armes et des moyens n\u00e9cessaires pour superviser leur production. La guerre et les moyens de la guerre sont majoritairement men\u00e9s et utilis\u00e9s par des hommes, \u00e0 l\u2019exception des objecteur\u00b7rices de conscience, des personnes qui refusent le service militaire ou ne sont <a href=\"https:\/\/koff.swisspeace.ch\/apropos\/7624\/militarisation-ou-non\/\" class=\"more-link\">&#8230;<span class=\"screen-reader-text\">  Militarisation \u2013 ou non<\/span><\/a><\/p>\n","protected":false},"author":3,"featured_media":7615,"comment_status":"closed","ping_status":"closed","sticky":false,"template":"","format":"standard","meta":{"advgb_blocks_editor_width":"","advgb_blocks_columns_visual_guide":""},"categories":[113],"tags":[],"issue":[515],"acf":[],"author_meta":{"display_name":"\u00e0 propos","author_link":"https:\/\/koff.swisspeace.ch\/apropos\/author\/apropos\/"},"featured_img":"https:\/\/koff.swisspeace.ch\/apropos\/wp-content\/uploads\/2026\/06\/WB193Apred-600x332.jpg","coauthors":[],"tax_additional":{"categories":{"linked":["<a href=\"https:\/\/koff.swisspeace.ch\/apropos\/category\/reports-fr\/\" class=\"advgb-post-tax-term\">Dossier<\/a>"],"unlinked":["<span class=\"advgb-post-tax-term\">Dossier<\/span>"]}},"comment_count":0,"relative_dates":{"created":"Posted 2 months ago","modified":"Updated 2 months ago"},"absolute_dates":{"created":"Posted on July 2, 2026","modified":"Updated on July 2, 2026"},"absolute_dates_time":{"created":"Posted on July 2, 2026 7:55 am","modified":"Updated on July 2, 2026 7:55 am"},"featured_img_caption":"","series_order":null,"_links":{"self":[{"href":"https:\/\/koff.swisspeace.ch\/apropos\/wp-json\/wp\/v2\/posts\/7624"}],"collection":[{"href":"https:\/\/koff.swisspeace.ch\/apropos\/wp-json\/wp\/v2\/posts"}],"about":[{"href":"https:\/\/koff.swisspeace.ch\/apropos\/wp-json\/wp\/v2\/types\/post"}],"author":[{"embeddable":true,"href":"https:\/\/koff.swisspeace.ch\/apropos\/wp-json\/wp\/v2\/users\/3"}],"replies":[{"embeddable":true,"href":"https:\/\/koff.swisspeace.ch\/apropos\/wp-json\/wp\/v2\/comments?post=7624"}],"version-history":[{"count":10,"href":"https:\/\/koff.swisspeace.ch\/apropos\/wp-json\/wp\/v2\/posts\/7624\/revisions"}],"predecessor-version":[{"id":7892,"href":"https:\/\/koff.swisspeace.ch\/apropos\/wp-json\/wp\/v2\/posts\/7624\/revisions\/7892"}],"wp:featuredmedia":[{"embeddable":true,"href":"https:\/\/koff.swisspeace.ch\/apropos\/wp-json\/wp\/v2\/media\/7615"}],"wp:attachment":[{"href":"https:\/\/koff.swisspeace.ch\/apropos\/wp-json\/wp\/v2\/media?parent=7624"}],"wp:term":[{"taxonomy":"category","embeddable":true,"href":"https:\/\/koff.swisspeace.ch\/apropos\/wp-json\/wp\/v2\/categories?post=7624"},{"taxonomy":"post_tag","embeddable":true,"href":"https:\/\/koff.swisspeace.ch\/apropos\/wp-json\/wp\/v2\/tags?post=7624"},{"taxonomy":"issue","embeddable":true,"href":"https:\/\/koff.swisspeace.ch\/apropos\/wp-json\/wp\/v2\/issue?post=7624"}],"curies":[{"name":"wp","href":"https:\/\/api.w.org\/{rel}","templated":true}]}}