{"id":7688,"date":"2026-07-02T08:29:04","date_gmt":"2026-07-02T08:29:04","guid":{"rendered":"https:\/\/koff.swisspeace.ch\/apropos\/?p=7688"},"modified":"2026-07-02T08:29:04","modified_gmt":"2026-07-02T08:29:04","slug":"jenseits-der-militarisierung-die-grundlagen-einer-nachhaltigen-menschlichen-sicherheit","status":"publish","type":"post","link":"https:\/\/koff.swisspeace.ch\/apropos\/7688\/jenseits-der-militarisierung-die-grundlagen-einer-nachhaltigen-menschlichen-sicherheit\/","title":{"rendered":"Jenseits der Militarisierung \u2013 die Grundlagen einer nachhaltigen menschlichen Sicherheit"},"content":{"rendered":"\n<div class=\"wp-block-advgb-images-slider advgb-images-slider-block advg-images-slider-564def56-d5af-41e0-bb68-f1e73dfea3a3\"><div class=\"advgb-images-slider\" dir=\"ltr\"><div class=\"advgb-image-slider-item\"><img decoding=\"async\" src=\"https:\/\/koff.swisspeace.ch\/apropos\/wp-content\/uploads\/2026\/06\/CP_Diashow_Pexels-andersonportella-18075128.jpg\" class=\"advgb-image-slider-img\" alt=\"\" style=\"width:100%;height:auto\"\/><div class=\"advgb-image-slider-item-info\" style=\"justify-content:flex-end;align-items:center\"><a class=\"advgb-image-slider-overlay\" target=\"_blank\" rel=\"noopener noreferrer\" href=\"#\" style=\"opacity:0.5\"><\/a><\/div><\/div><div class=\"advgb-image-slider-item\"><img decoding=\"async\" src=\"https:\/\/koff.swisspeace.ch\/apropos\/wp-content\/uploads\/2026\/06\/WBDCAF193.jpg\" class=\"advgb-image-slider-img\" alt=\"Militarisierte \u00dcberwachung \u2013 Wie Outsourcing an private Akteur:innen die Gouvernanz und die Rechenschaftspflicht ver\u00e4ndert\" style=\"width:100%;height:auto\"\/><div class=\"advgb-image-slider-item-info\" style=\"justify-content:flex-end;align-items:center\"><a class=\"advgb-image-slider-overlay\" target=\"_blank\" rel=\"noopener noreferrer\" href=\"#\" style=\"opacity:0.5\"><\/a><h4 class=\"advgb-image-slider-title\">Militarisierte \u00dcberwachung \u2013 Wie Outsourcing an private Akteur:innen die Gouvernanz und die Rechenschaftspflicht ver\u00e4ndert<\/h4><\/div><\/div><div class=\"advgb-image-slider-item\"><img decoding=\"async\" src=\"https:\/\/koff.swisspeace.ch\/apropos\/wp-content\/uploads\/2026\/06\/PEACE-MISSION-EIGHT.jpg\" class=\"advgb-image-slider-img\" alt=\"Sicherheit im S\u00fcdsudan neu denken \u2013 von Militarisierung zu menschlicher Sicherheit \" style=\"width:100%;height:auto\"\/><div class=\"advgb-image-slider-item-info\" style=\"justify-content:flex-end;align-items:center\"><a class=\"advgb-image-slider-overlay\" target=\"_blank\" rel=\"noopener noreferrer\" href=\"#\" style=\"opacity:0.5\"><\/a><h4 class=\"advgb-image-slider-title\">Sicherheit im S\u00fcdsudan neu denken \u2013 von Militarisierung zu menschlicher Sicherheit <\/h4><\/div><\/div><div class=\"advgb-image-slider-item\"><img decoding=\"async\" src=\"https:\/\/koff.swisspeace.ch\/apropos\/wp-content\/uploads\/2026\/06\/PWAG193.jpg\" class=\"advgb-image-slider-img\" alt=\"Milit\u00e4rausgaben \u2013 auf Kosten einer nachhaltigen Friedensf\u00f6rderung\" style=\"width:100%;height:auto\"\/><div class=\"advgb-image-slider-item-info\" style=\"justify-content:flex-end;align-items:center\"><a class=\"advgb-image-slider-overlay\" target=\"_blank\" rel=\"noopener noreferrer\" href=\"#\" style=\"opacity:0.5\"><\/a><h4 class=\"advgb-image-slider-title\">Milit\u00e4rausgaben \u2013 auf Kosten einer nachhaltigen Friedensf\u00f6rderung<\/h4><\/div><\/div><div class=\"advgb-image-slider-item\"><img decoding=\"async\" src=\"https:\/\/koff.swisspeace.ch\/apropos\/wp-content\/uploads\/2026\/06\/PBI193.jpg\" class=\"advgb-image-slider-img\" alt=\"Michoac\u00e1n \u2013 militarisierter Frieden hat seine Grenzen\" style=\"width:100%;height:auto\"\/><div class=\"advgb-image-slider-item-info\" style=\"justify-content:flex-end;align-items:center\"><a class=\"advgb-image-slider-overlay\" target=\"_blank\" rel=\"noopener noreferrer\" href=\"#\" style=\"opacity:0.5\"><\/a><h4 class=\"advgb-image-slider-title\">Michoac\u00e1n \u2013 militarisierter Frieden hat seine Grenzen<\/h4><\/div><\/div><div class=\"advgb-image-slider-item\"><img decoding=\"async\" src=\"https:\/\/koff.swisspeace.ch\/apropos\/wp-content\/uploads\/2026\/06\/MoT-Illustration-04-Civic-spaces-town-squares.jpg\" class=\"advgb-image-slider-img\" alt=\"Technologie ohne Grenzen \u2013 Wie die Militarisierung von Technologie eine menschenzentrierte Sicherheit bedroht\" style=\"width:100%;height:auto\"\/><div class=\"advgb-image-slider-item-info\" style=\"justify-content:flex-end;align-items:center\"><a class=\"advgb-image-slider-overlay\" target=\"_blank\" rel=\"noopener noreferrer\" href=\"#\" style=\"opacity:0.5\"><\/a><h4 class=\"advgb-image-slider-title\">Technologie ohne Grenzen \u2013 Wie die Militarisierung von Technologie eine menschenzentrierte Sicherheit bedroht<\/h4><\/div><\/div><\/div><\/div>\n\n\n\n<p>Da sich bewaffnete Konflikte und geopolitische Rivalit\u00e4ten weltweit zuspitzen, werden die sicherheitspolitischen Priorit\u00e4ten neu ausgerichtet. Regierungen setzen zunehmend auf milit\u00e4rische Verteidigung und Aufr\u00fcstung. Diese Schwerpunktverlagerung geht zulasten menschenzentrierter Sicherheitsans\u00e4tze sowie langfristiger Investitionen, die f\u00fcr einen nachhaltigen Frieden erforderlich sind.<\/p>\n\n\n\n<p>Der Trend hat sich im vergangenen Jahr beschleunigt. Die US-Regierung hat die Mittel f\u00fcr die Auslandsunterst\u00fctzung drastisch gek\u00fcrzt, obwohl diese weniger als ein Prozent des Bundeshaushalts ausmachen.<sup>1<\/sup> Auch in der Schweiz zeichnet sich eine \u00e4hnliche Entwicklung ab: Die im Dezember 2025 vom Staatsekretariat f\u00fcr Sicherheitspolitik (SEPOS) lancierte <a href=\"https:\/\/www.sepos.admin.ch\/de\/sicherheitspolitische-strategie\">Schweizer Sicherheitspolitische Strategie<\/a> legt den Fokus stark auf milit\u00e4rische Einsatzbereitschaft und die Landesverteidigung. Werden Ressourcen in Richtung R\u00fcstung umgelenkt, sinken die finanziellen, personellen und politischen Mittel f\u00fcr Friedensf\u00f6rderung, humanit\u00e4re Hilfe und nachhaltige Entwicklung. Das erh\u00f6ht den Druck in unseren T\u00e4tigkeitsfeldern erheblich und zwingt viele Organisationen, ihren Leistungsumfang zu reduzieren, Stellen abzubauen oder gar ihre Arbeit einzustellen.<\/p>\n\n\n\n<p>Diese Ausgabe von <em>\u00e0 propos<\/em> erscheint vier Monate nach dem Start des Konsultationsprozesses zur Schweizer Sicherheitspolitischen Strategie durch KOFF, der zur Ver\u00f6ffentlichung der <a href=\"https:\/\/koff.swisspeace.ch\/fileadmin\/user_upload\/6_Dokumente\/KOFF_Joint_Submission_-_Security_Policy_Strategy_2026.pdf\">gemeinsamen Stellungnahme<\/a> f\u00fchrte. Mit den Beitr\u00e4gen in dieser Ausgabe unterstreichen die KOFF-Mitglieder, dass Sicherheit \u00fcber milit\u00e4rische Reaktionen hinausgehen muss. Neben dem Druck, die eigene Arbeit fortzuf\u00fchren, zeigen sie, wie die wachsende Dominanz milit\u00e4rischer Ans\u00e4tze und die damit verbundenen Rechtfertigungsnarrative ebenfalls Ressentiments und Konflikte befeuern k\u00f6nnen. Nachhaltiger Frieden und Sicherheit erfordern Investitionen in Gewaltpr\u00e4vention \u2013 durch die Bearbeitung ihrer Ursachen sowie die St\u00e4rkung inklusiver, menschenzentrierter Ans\u00e4tze.<\/p>\n\n\n\n<p><sup>1 <a rel=\"noreferrer noopener\" href=\"https:\/\/www.reuters.com\/world\/us\/year-after-usaid-shutdown-americans-still-back-foreign-development-aid-poll-2026-06-30\/\" target=\"_blank\">Reuters (2026)<\/a>. \u00ab<em>A year after USAID shutdown, Americans still back foreign development aid, poll shows<\/em>, 30 June 2026.\u00bb<\/sup><\/p>\n","protected":false},"excerpt":{"rendered":"<p>Da sich bewaffnete Konflikte und geopolitische Rivalit\u00e4ten weltweit zuspitzen, werden die sicherheitspolitischen Priorit\u00e4ten neu ausgerichtet. Regierungen setzen zunehmend auf milit\u00e4rische Verteidigung und Aufr\u00fcstung. Diese Schwerpunktverlagerung geht zulasten menschenzentrierter Sicherheitsans\u00e4tze sowie langfristiger Investitionen, die f\u00fcr einen nachhaltigen Frieden erforderlich sind. Der Trend hat sich im vergangenen Jahr beschleunigt. Die US-Regierung hat die Mittel f\u00fcr die Auslandsunterst\u00fctzung <a href=\"https:\/\/koff.swisspeace.ch\/apropos\/7688\/jenseits-der-militarisierung-die-grundlagen-einer-nachhaltigen-menschlichen-sicherheit\/\" class=\"more-link\">&#8230;<span class=\"screen-reader-text\">  Jenseits der Militarisierung \u2013 die Grundlagen einer nachhaltigen menschlichen Sicherheit<\/span><\/a><\/p>\n","protected":false},"author":3,"featured_media":0,"comment_status":"closed","ping_status":"closed","sticky":false,"template":"","format":"standard","meta":{"advgb_blocks_editor_width":"","advgb_blocks_columns_visual_guide":""},"categories":[26],"tags":[],"issue":[513],"acf":[],"author_meta":{"display_name":"\u00e0 propos","author_link":"https:\/\/koff.swisspeace.ch\/apropos\/author\/apropos\/"},"featured_img":null,"coauthors":[],"tax_additional":{"categories":{"linked":["<a href=\"https:\/\/koff.swisspeace.ch\/apropos\/category\/editorial-de\/\" class=\"advgb-post-tax-term\">Editorial<\/a>"],"unlinked":["<span class=\"advgb-post-tax-term\">Editorial<\/span>"]}},"comment_count":0,"relative_dates":{"created":"Posted 2 months ago","modified":"Updated 2 months ago"},"absolute_dates":{"created":"Posted on July 2, 2026","modified":"Updated on July 2, 2026"},"absolute_dates_time":{"created":"Posted on July 2, 2026 8:29 am","modified":"Updated on July 2, 2026 8:29 am"},"featured_img_caption":"","series_order":null,"_links":{"self":[{"href":"https:\/\/koff.swisspeace.ch\/apropos\/wp-json\/wp\/v2\/posts\/7688"}],"collection":[{"href":"https:\/\/koff.swisspeace.ch\/apropos\/wp-json\/wp\/v2\/posts"}],"about":[{"href":"https:\/\/koff.swisspeace.ch\/apropos\/wp-json\/wp\/v2\/types\/post"}],"author":[{"embeddable":true,"href":"https:\/\/koff.swisspeace.ch\/apropos\/wp-json\/wp\/v2\/users\/3"}],"replies":[{"embeddable":true,"href":"https:\/\/koff.swisspeace.ch\/apropos\/wp-json\/wp\/v2\/comments?post=7688"}],"version-history":[{"count":11,"href":"https:\/\/koff.swisspeace.ch\/apropos\/wp-json\/wp\/v2\/posts\/7688\/revisions"}],"predecessor-version":[{"id":7939,"href":"https:\/\/koff.swisspeace.ch\/apropos\/wp-json\/wp\/v2\/posts\/7688\/revisions\/7939"}],"wp:attachment":[{"href":"https:\/\/koff.swisspeace.ch\/apropos\/wp-json\/wp\/v2\/media?parent=7688"}],"wp:term":[{"taxonomy":"category","embeddable":true,"href":"https:\/\/koff.swisspeace.ch\/apropos\/wp-json\/wp\/v2\/categories?post=7688"},{"taxonomy":"post_tag","embeddable":true,"href":"https:\/\/koff.swisspeace.ch\/apropos\/wp-json\/wp\/v2\/tags?post=7688"},{"taxonomy":"issue","embeddable":true,"href":"https:\/\/koff.swisspeace.ch\/apropos\/wp-json\/wp\/v2\/issue?post=7688"}],"curies":[{"name":"wp","href":"https:\/\/api.w.org\/{rel}","templated":true}]}}