{"id":769,"date":"2023-02-23T16:36:55","date_gmt":"2023-02-23T16:36:55","guid":{"rendered":"https:\/\/koff.swisspeace.ch\/apropos\/?p=769"},"modified":"2023-02-24T09:53:27","modified_gmt":"2023-02-24T09:53:27","slug":"career-pilotprojekt-fuer-careleaverinnen","status":"publish","type":"post","link":"https:\/\/koff.swisspeace.ch\/apropos\/769\/career-pilotprojekt-fuer-careleaverinnen\/","title":{"rendered":"CAREer &#8211; Pilotprojekt f\u00fcr Careleaver:innen"},"content":{"rendered":"\n<p>SOS-Kinderdorf Schweiz wird mit dem Pilotprojekt CAREer erstmals in der Schweiz aktiv. Es richtet sich an Careleaver:innen, also junge Erwachsene, die einen Teil ihres Lebens in einem Heim, einer Wohngruppe oder Pflegefamilie verbracht haben. SOS-Kinderdorf m\u00f6chte f\u00fcr sie ein freiwilliges, kostenloses und niederschwelliges Angebot im Kanton Bern schaffen, das nicht schon wieder mit Pflichten und zahlreichen Vorgaben verkn\u00fcpft ist. SOS-Kinderdorf setzt dieses Projekt gemeinsam mit weiteren Partnern durch und arbeitet daf\u00fcr bereits mit der Stiftung YOU COUNT zusammen. In einem Webinar im M\u00e4rz bietet das Hilfswerk einen ersten detaillierten \u00dcberblick, welche M\u00f6glichkeiten und Ziele mit dem Projekt CAREer verkn\u00fcpft sind.<\/p>\n","protected":false},"excerpt":{"rendered":"<p>SOS-Kinderdorf Schweiz wird mit dem Pilotprojekt CAREer erstmals in der Schweiz aktiv. Es richtet sich an Careleaver:innen, also junge Erwachsene, die einen Teil ihres Lebens in einem Heim, einer Wohngruppe oder Pflegefamilie verbracht haben. SOS-Kinderdorf m\u00f6chte f\u00fcr sie ein freiwilliges, kostenloses und niederschwelliges Angebot im Kanton Bern schaffen, das nicht schon wieder mit Pflichten und <a href=\"https:\/\/koff.swisspeace.ch\/apropos\/769\/career-pilotprojekt-fuer-careleaverinnen\/\" class=\"more-link\">&#8230;<span class=\"screen-reader-text\">  CAREer &#8211; Pilotprojekt f\u00fcr Careleaver:innen<\/span><\/a><\/p>\n","protected":false},"author":3,"featured_media":766,"comment_status":"open","ping_status":"open","sticky":false,"template":"","format":"standard","meta":{"advgb_blocks_editor_width":"","advgb_blocks_columns_visual_guide":""},"categories":[71],"tags":[],"issue":[133],"acf":[],"author_meta":{"display_name":"\u00e0 propos","author_link":"https:\/\/koff.swisspeace.ch\/apropos\/author\/apropos\/"},"featured_img":"https:\/\/koff.swisspeace.ch\/apropos\/wp-content\/uploads\/2023\/02\/SOS-CH-Career_a-propos-600x332.jpg","coauthors":[],"tax_additional":{"categories":{"linked":["<a href=\"https:\/\/koff.swisspeace.ch\/apropos\/category\/news-de\/\" class=\"advgb-post-tax-term\">Aktuell<\/a>"],"unlinked":["<span class=\"advgb-post-tax-term\">Aktuell<\/span>"]}},"comment_count":0,"relative_dates":{"created":"Posted 4 years ago","modified":"Updated 4 years ago"},"absolute_dates":{"created":"Posted on February 23, 2023","modified":"Updated on February 24, 2023"},"absolute_dates_time":{"created":"Posted on February 23, 2023 4:36 pm","modified":"Updated on February 24, 2023 9:53 am"},"featured_img_caption":"","series_order":null,"_links":{"self":[{"href":"https:\/\/koff.swisspeace.ch\/apropos\/wp-json\/wp\/v2\/posts\/769"}],"collection":[{"href":"https:\/\/koff.swisspeace.ch\/apropos\/wp-json\/wp\/v2\/posts"}],"about":[{"href":"https:\/\/koff.swisspeace.ch\/apropos\/wp-json\/wp\/v2\/types\/post"}],"author":[{"embeddable":true,"href":"https:\/\/koff.swisspeace.ch\/apropos\/wp-json\/wp\/v2\/users\/3"}],"replies":[{"embeddable":true,"href":"https:\/\/koff.swisspeace.ch\/apropos\/wp-json\/wp\/v2\/comments?post=769"}],"version-history":[{"count":4,"href":"https:\/\/koff.swisspeace.ch\/apropos\/wp-json\/wp\/v2\/posts\/769\/revisions"}],"predecessor-version":[{"id":1125,"href":"https:\/\/koff.swisspeace.ch\/apropos\/wp-json\/wp\/v2\/posts\/769\/revisions\/1125"}],"wp:featuredmedia":[{"embeddable":true,"href":"https:\/\/koff.swisspeace.ch\/apropos\/wp-json\/wp\/v2\/media\/766"}],"wp:attachment":[{"href":"https:\/\/koff.swisspeace.ch\/apropos\/wp-json\/wp\/v2\/media?parent=769"}],"wp:term":[{"taxonomy":"category","embeddable":true,"href":"https:\/\/koff.swisspeace.ch\/apropos\/wp-json\/wp\/v2\/categories?post=769"},{"taxonomy":"post_tag","embeddable":true,"href":"https:\/\/koff.swisspeace.ch\/apropos\/wp-json\/wp\/v2\/tags?post=769"},{"taxonomy":"issue","embeddable":true,"href":"https:\/\/koff.swisspeace.ch\/apropos\/wp-json\/wp\/v2\/issue?post=769"}],"curies":[{"name":"wp","href":"https:\/\/api.w.org\/{rel}","templated":true}]}}