{"id":7692,"date":"2026-07-02T07:55:23","date_gmt":"2026-07-02T07:55:23","guid":{"rendered":"https:\/\/koff.swisspeace.ch\/apropos\/?p=7692"},"modified":"2026-07-02T09:33:59","modified_gmt":"2026-07-02T09:33:59","slug":"au-dela-de-la-militarisation-les-fondements-dune-securite-humaine-durable","status":"publish","type":"post","link":"https:\/\/koff.swisspeace.ch\/apropos\/7692\/au-dela-de-la-militarisation-les-fondements-dune-securite-humaine-durable\/","title":{"rendered":"Au-del\u00e0 de la militarisation \u2014 Les fondements d&#8217;une s\u00e9curit\u00e9 humaine durable"},"content":{"rendered":"\n<div class=\"wp-block-advgb-images-slider advgb-images-slider-block advg-images-slider-3c1ef5fc-faa7-44d9-a607-050b4362d72c\"><div class=\"advgb-images-slider\" dir=\"ltr\"><div class=\"advgb-image-slider-item\"><img decoding=\"async\" src=\"https:\/\/koff.swisspeace.ch\/apropos\/wp-content\/uploads\/2026\/06\/CP_Diashow_Pexels-andersonportella-18075128.jpg\" class=\"advgb-image-slider-img\" alt=\"\" style=\"width:100%;height:auto\"\/><div class=\"advgb-image-slider-item-info\" style=\"justify-content:flex-end;align-items:center\"><a class=\"advgb-image-slider-overlay\" target=\"_blank\" rel=\"noopener noreferrer\" href=\"#\" style=\"opacity:0.5\"><\/a><\/div><\/div><div class=\"advgb-image-slider-item\"><img decoding=\"async\" src=\"https:\/\/koff.swisspeace.ch\/apropos\/wp-content\/uploads\/2026\/06\/WBDCAF193.jpg\" class=\"advgb-image-slider-img\" alt=\"Surveillance militaris\u00e9e \u2013 comment l\u2019externalisation \u00e0 des acteurs priv\u00e9s red\u00e9finit la gouvernance et la responsabilit\u00e9 \" style=\"width:100%;height:auto\"\/><div class=\"advgb-image-slider-item-info\" style=\"justify-content:flex-end;align-items:center\"><a class=\"advgb-image-slider-overlay\" target=\"_blank\" rel=\"noopener noreferrer\" href=\"https:\/\/koff.swisspeace.ch\/apropos\/7456\/surveillance-militarisee-comment-lexternalisation-a-des-acteurs-prives-redefinit-la-gouvernance-et-la-responsabilite\/\" style=\"opacity:0.5\"><\/a><h4 class=\"advgb-image-slider-title\">Surveillance militaris\u00e9e \u2013 comment l\u2019externalisation \u00e0 des acteurs priv\u00e9s red\u00e9finit la gouvernance et la responsabilit\u00e9 <\/h4><\/div><\/div><div class=\"advgb-image-slider-item\"><img decoding=\"async\" src=\"https:\/\/koff.swisspeace.ch\/apropos\/wp-content\/uploads\/2026\/06\/PEACE-MISSION-EIGHT.jpg\" class=\"advgb-image-slider-img\" alt=\"Repenser la s\u00e9curit\u00e9 au Soudan du Sud \u2013 de la militarisation \u00e0 la s\u00e9curit\u00e9 humaine \" style=\"width:100%;height:auto\"\/><div class=\"advgb-image-slider-item-info\" style=\"justify-content:flex-end;align-items:center\"><a class=\"advgb-image-slider-overlay\" target=\"_blank\" rel=\"noopener noreferrer\" href=\"https:\/\/koff.swisspeace.ch\/apropos\/7506\/repenser-la-securite-au-soudan-du-sud-de-la-militarisation-a-la-securite-humaine\/\" style=\"opacity:0.5\"><\/a><h4 class=\"advgb-image-slider-title\">Repenser la s\u00e9curit\u00e9 au Soudan du Sud \u2013 de la militarisation \u00e0 la s\u00e9curit\u00e9 humaine <\/h4><\/div><\/div><div class=\"advgb-image-slider-item\"><img decoding=\"async\" src=\"https:\/\/koff.swisspeace.ch\/apropos\/wp-content\/uploads\/2026\/06\/PWAG193.jpg\" class=\"advgb-image-slider-img\" alt=\"D\u00e9penses militaires \u2013 aux d\u00e9pens de la construction d\u2019une paix durable \" style=\"width:100%;height:auto\"\/><div class=\"advgb-image-slider-item-info\" style=\"justify-content:flex-end;align-items:center\"><a class=\"advgb-image-slider-overlay\" target=\"_blank\" rel=\"noopener noreferrer\" href=\"https:\/\/koff.swisspeace.ch\/apropos\/7605\/depenses-militaires-aux-depens-de-la-construction-dune-paix-durable\/\" style=\"opacity:0.5\"><\/a><h4 class=\"advgb-image-slider-title\">D\u00e9penses militaires \u2013 aux d\u00e9pens de la construction d\u2019une paix durable <\/h4><\/div><\/div><div class=\"advgb-image-slider-item\"><img decoding=\"async\" src=\"https:\/\/koff.swisspeace.ch\/apropos\/wp-content\/uploads\/2026\/06\/PBI193.jpg\" class=\"advgb-image-slider-img\" alt=\"Michoac\u00e1n \u2013 Les limites d\u2019une paix militaris\u00e9e \" style=\"width:100%;height:auto\"\/><div class=\"advgb-image-slider-item-info\" style=\"justify-content:flex-end;align-items:center\"><a class=\"advgb-image-slider-overlay\" target=\"_blank\" rel=\"noopener noreferrer\" href=\"https:\/\/koff.swisspeace.ch\/apropos\/7530\/les-limites-dune-paix-militarisee\/\" style=\"opacity:0.5\"><\/a><h4 class=\"advgb-image-slider-title\">Michoac\u00e1n \u2013 Les limites d\u2019une paix militaris\u00e9e <\/h4><\/div><\/div><div class=\"advgb-image-slider-item\"><img decoding=\"async\" src=\"https:\/\/koff.swisspeace.ch\/apropos\/wp-content\/uploads\/2026\/06\/MoT-Illustration-04-Civic-spaces-town-squares.jpg\" class=\"advgb-image-slider-img\" alt=\"La technologie sans fronti\u00e8res \u2013 Comment la militarisation des technologies menace une s\u00e9curit\u00e9 centr\u00e9e sur les personnes \" style=\"width:100%;height:auto\"\/><div class=\"advgb-image-slider-item-info\" style=\"justify-content:flex-end;align-items:center\"><a class=\"advgb-image-slider-overlay\" target=\"_blank\" rel=\"noopener noreferrer\" href=\"https:\/\/koff.swisspeace.ch\/apropos\/7593\/la-technologie-sans-frontieres-comment-la-militarisation-des-technologies-menace-une-securite-centree-sur-les-personnes\/\" style=\"opacity:0.5\"><\/a><h4 class=\"advgb-image-slider-title\">La technologie sans fronti\u00e8res \u2013 Comment la militarisation des technologies menace une s\u00e9curit\u00e9 centr\u00e9e sur les personnes <\/h4><\/div><\/div><\/div><\/div>\n\n\n\n<p>Alors que les conflits arm\u00e9s et les rivalit\u00e9s g\u00e9opolitiques s\u2019intensifient \u00e0 l\u2019\u00e9chelle mondiale, les priorit\u00e9s en mati\u00e8re de s\u00e9curit\u00e9 \u00e9voluent. Les gouvernements accordent de plus en plus d\u2019importance \u00e0 la d\u00e9fense militaire et au r\u00e9armement. Cette r\u00e9orientation se fait souvent au d\u00e9triment d\u2019approches centr\u00e9es sur les personnes et d\u2019investissements \u00e0 long terme indispensables \u00e0 l\u2019instauration d\u2019une paix durable.<\/p>\n\n\n\n<p>Cette tendance s\u2019est acc\u00e9l\u00e9r\u00e9e au cours de l\u2019ann\u00e9e \u00e9coul\u00e9e. Par exemple, le gouvernement am\u00e9ricain a r\u00e9duit de mani\u00e8re significative le financement de l\u2019aide \u00e9trang\u00e8re, alors m\u00eame que celle-ci repr\u00e9sentait moins d&#8217;un pourcent du budget f\u00e9d\u00e9ral.<sup>1<\/sup> En Suisse, la <a rel=\"noreferrer noopener\" href=\"https:\/\/www.sepos.admin.ch\/fr\/strategie-de-politique-de-securite\" data-type=\"URL\" data-id=\"https:\/\/www.sepos.admin.ch\/fr\/strategie-de-politique-de-securite\" target=\"_blank\">strat\u00e9gie en mati\u00e8re de politique de s\u00e9curit\u00e9<\/a> lanc\u00e9e par le Secr\u00e9tariat d\u2019\u00c9tat \u00e0 la politique de s\u00e9curit\u00e9 (SEPOS) en d\u00e9cembre 2025 t\u00e9moigne d\u2019une dynamique comparable, en mettant l\u2019accent sur la pr\u00e9paration militaire et la d\u00e9fense nationale. \u00c0 mesure que les ressources sont redirig\u00e9es vers les d\u00e9penses militaires, les moyens financiers, humains et politiques allou\u00e9s \u00e0 la consolidation de la paix, \u00e0 l\u2019aide humanitaire et au d\u00e9veloppement durable tendent \u00e0 diminuer. Cette tendance p\u00e8se de plus en plus sur l\u2019ensemble de nos secteurs et oblige de nombreuses organisations \u00e0 r\u00e9duire la port\u00e9e de leurs activit\u00e9s, \u00e0 licencier leur personnel, \u00e0 rompre leurs partenariats et \u00e0 mettre un terme \u00e0 certains projets.<\/p>\n\n\n\n<p>Cette \u00e9dition d&#8217;<em>\u00e0 propos<\/em> para\u00eet quatre mois apr\u00e8s le lancement, par KOFF, de son processus de consultation sur la Strat\u00e9gie de politique de s\u00e9curit\u00e9 suisse, qui a abouti \u00e0 la publication de sa <a rel=\"noreferrer noopener\" href=\"https:\/\/koff.swisspeace.ch\/fileadmin\/user_upload\/6_Dokumente\/KOFF_Joint_Submission_-_Security_Policy_Strategy_2026.pdf\" target=\"_blank\">d\u00e9claration publique<\/a>. \u00c0 travers les contributions de ce nouveau num\u00e9ro, les membres de KOFF r\u00e9affirment que la s\u00e9curit\u00e9 doit s\u2019\u00e9tendre au-del\u00e0 des seules r\u00e9ponses militaires. En plus des contraintes auxquelles ils\u00b7elles font face dans la poursuite de leurs activit\u00e9s, ils\u00b7elles montrent \u00e9galement comment l\u2019accroissement de la place accord\u00e9e aux approches militaires et aux narratifs qui les accompagnent peut contribuer, lui aussi, \u00e0 nourrir le ressentiment et les conflits. Une paix et une s\u00e9curit\u00e9 durables n\u00e9cessitent d\u2019investir dans la pr\u00e9vention de la violence en agissant sur ses causes profondes et en renfor\u00e7ant des approches inclusives et centr\u00e9es sur les personnes.<\/p>\n\n\n\n<p><sup>1 <a rel=\"noreferrer noopener\" href=\"https:\/\/www.reuters.com\/world\/us\/year-after-usaid-shutdown-americans-still-back-foreign-development-aid-poll-2026-06-30\/\" target=\"_blank\">Reuters (2026)<\/a>. \u00ab<em>A year after USAID shutdown, Americans still back foreign development aid, poll shows<\/em>, 30 June 2026.\u00bb<\/sup><\/p>\n","protected":false},"excerpt":{"rendered":"<p>Alors que les conflits arm\u00e9s et les rivalit\u00e9s g\u00e9opolitiques s\u2019intensifient \u00e0 l\u2019\u00e9chelle mondiale, les priorit\u00e9s en mati\u00e8re de s\u00e9curit\u00e9 \u00e9voluent. Les gouvernements accordent de plus en plus d\u2019importance \u00e0 la d\u00e9fense militaire et au r\u00e9armement. Cette r\u00e9orientation se fait souvent au d\u00e9triment d\u2019approches centr\u00e9es sur les personnes et d\u2019investissements \u00e0 long terme indispensables \u00e0 l\u2019instauration <a href=\"https:\/\/koff.swisspeace.ch\/apropos\/7692\/au-dela-de-la-militarisation-les-fondements-dune-securite-humaine-durable\/\" class=\"more-link\">&#8230;<span class=\"screen-reader-text\">  Au-del\u00e0 de la militarisation \u2014 Les fondements d&#8217;une s\u00e9curit\u00e9 humaine durable<\/span><\/a><\/p>\n","protected":false},"author":3,"featured_media":0,"comment_status":"closed","ping_status":"closed","sticky":false,"template":"","format":"standard","meta":{"advgb_blocks_editor_width":"","advgb_blocks_columns_visual_guide":""},"categories":[87],"tags":[],"issue":[515],"acf":[],"author_meta":{"display_name":"\u00e0 propos","author_link":"https:\/\/koff.swisspeace.ch\/apropos\/author\/apropos\/"},"featured_img":null,"coauthors":[],"tax_additional":{"categories":{"linked":["<a href=\"https:\/\/koff.swisspeace.ch\/apropos\/category\/editorial-fr\/\" class=\"advgb-post-tax-term\">\u00c9ditorial<\/a>"],"unlinked":["<span class=\"advgb-post-tax-term\">\u00c9ditorial<\/span>"]}},"comment_count":0,"relative_dates":{"created":"Posted 2 months ago","modified":"Updated 2 months ago"},"absolute_dates":{"created":"Posted on July 2, 2026","modified":"Updated on July 2, 2026"},"absolute_dates_time":{"created":"Posted on July 2, 2026 7:55 am","modified":"Updated on July 2, 2026 9:33 am"},"featured_img_caption":"","series_order":null,"_links":{"self":[{"href":"https:\/\/koff.swisspeace.ch\/apropos\/wp-json\/wp\/v2\/posts\/7692"}],"collection":[{"href":"https:\/\/koff.swisspeace.ch\/apropos\/wp-json\/wp\/v2\/posts"}],"about":[{"href":"https:\/\/koff.swisspeace.ch\/apropos\/wp-json\/wp\/v2\/types\/post"}],"author":[{"embeddable":true,"href":"https:\/\/koff.swisspeace.ch\/apropos\/wp-json\/wp\/v2\/users\/3"}],"replies":[{"embeddable":true,"href":"https:\/\/koff.swisspeace.ch\/apropos\/wp-json\/wp\/v2\/comments?post=7692"}],"version-history":[{"count":16,"href":"https:\/\/koff.swisspeace.ch\/apropos\/wp-json\/wp\/v2\/posts\/7692\/revisions"}],"predecessor-version":[{"id":7941,"href":"https:\/\/koff.swisspeace.ch\/apropos\/wp-json\/wp\/v2\/posts\/7692\/revisions\/7941"}],"wp:attachment":[{"href":"https:\/\/koff.swisspeace.ch\/apropos\/wp-json\/wp\/v2\/media?parent=7692"}],"wp:term":[{"taxonomy":"category","embeddable":true,"href":"https:\/\/koff.swisspeace.ch\/apropos\/wp-json\/wp\/v2\/categories?post=7692"},{"taxonomy":"post_tag","embeddable":true,"href":"https:\/\/koff.swisspeace.ch\/apropos\/wp-json\/wp\/v2\/tags?post=7692"},{"taxonomy":"issue","embeddable":true,"href":"https:\/\/koff.swisspeace.ch\/apropos\/wp-json\/wp\/v2\/issue?post=7692"}],"curies":[{"name":"wp","href":"https:\/\/api.w.org\/{rel}","templated":true}]}}