{"id":773,"date":"2023-02-23T15:41:05","date_gmt":"2023-02-23T15:41:05","guid":{"rendered":"https:\/\/koff.swisspeace.ch\/apropos\/?p=773"},"modified":"2023-02-24T09:53:53","modified_gmt":"2023-02-24T09:53:53","slug":"career-programme-pilote-pour-les-jeunes-en-rupture-de-soins","status":"publish","type":"post","link":"https:\/\/koff.swisspeace.ch\/apropos\/773\/career-programme-pilote-pour-les-jeunes-en-rupture-de-soins\/","title":{"rendered":"CAREer &#8211; Programme pilote pour les jeunes en rupture de soins"},"content":{"rendered":"\n<p>SOS Villages d&#8217;Enfants Suisse s&#8217;engage pour la premi\u00e8re fois en Suisse avec le projet pilote CAREer. Il s&#8217;adresse aux &#8220;careleavers&#8221;, c&#8217;est-\u00e0-dire aux jeunes adultes qui ont pass\u00e9 une partie de leur vie dans un foyer, un logement collectif ou une famille d&#8217;accueil. SOS Villages d&#8217;Enfants souhaite leur offrir une aide gratuite sur la base du volontariat et \u00e0 bas seuil dans le canton de Berne, exempte d&#8217;obligations ou autres contraintes. SOS Villages d&#8217;Enfants met en place ce projet avec d&#8217;autres partenaires et collabore d\u00e9j\u00e0 \u00e0 cette fin avec la fondation YOU COUNT. Lors d&#8217;un webinaire en mars, l&#8217;organisation caritative proposera un premier aper\u00e7u d\u00e9taill\u00e9 des possibilit\u00e9s et des objectifs li\u00e9s au projet CAREer.<br><br><\/p>\n","protected":false},"excerpt":{"rendered":"<p>SOS Villages d&#8217;Enfants Suisse s&#8217;engage pour la premi\u00e8re fois en Suisse avec le projet pilote CAREer. Il s&#8217;adresse aux &#8220;careleavers&#8221;, c&#8217;est-\u00e0-dire aux jeunes adultes qui ont pass\u00e9 une partie de leur vie dans un foyer, un logement collectif ou une famille d&#8217;accueil. SOS Villages d&#8217;Enfants souhaite leur offrir une aide gratuite sur la base du <a href=\"https:\/\/koff.swisspeace.ch\/apropos\/773\/career-programme-pilote-pour-les-jeunes-en-rupture-de-soins\/\" class=\"more-link\">&#8230;<span class=\"screen-reader-text\">  CAREer &#8211; Programme pilote pour les jeunes en rupture de soins<\/span><\/a><\/p>\n","protected":false},"author":3,"featured_media":766,"comment_status":"open","ping_status":"open","sticky":false,"template":"","format":"standard","meta":{"advgb_blocks_editor_width":"","advgb_blocks_columns_visual_guide":""},"categories":[99],"tags":[],"issue":[135],"acf":[],"author_meta":{"display_name":"\u00e0 propos","author_link":"https:\/\/koff.swisspeace.ch\/apropos\/author\/apropos\/"},"featured_img":"https:\/\/koff.swisspeace.ch\/apropos\/wp-content\/uploads\/2023\/02\/SOS-CH-Career_a-propos-600x332.jpg","coauthors":[],"tax_additional":{"categories":{"linked":["<a href=\"https:\/\/koff.swisspeace.ch\/apropos\/category\/news-fr\/\" class=\"advgb-post-tax-term\">Actualit\u00e9<\/a>"],"unlinked":["<span class=\"advgb-post-tax-term\">Actualit\u00e9<\/span>"]}},"comment_count":0,"relative_dates":{"created":"Posted 4 years ago","modified":"Updated 4 years ago"},"absolute_dates":{"created":"Posted on February 23, 2023","modified":"Updated on February 24, 2023"},"absolute_dates_time":{"created":"Posted on February 23, 2023 3:41 pm","modified":"Updated on February 24, 2023 9:53 am"},"featured_img_caption":"","series_order":null,"_links":{"self":[{"href":"https:\/\/koff.swisspeace.ch\/apropos\/wp-json\/wp\/v2\/posts\/773"}],"collection":[{"href":"https:\/\/koff.swisspeace.ch\/apropos\/wp-json\/wp\/v2\/posts"}],"about":[{"href":"https:\/\/koff.swisspeace.ch\/apropos\/wp-json\/wp\/v2\/types\/post"}],"author":[{"embeddable":true,"href":"https:\/\/koff.swisspeace.ch\/apropos\/wp-json\/wp\/v2\/users\/3"}],"replies":[{"embeddable":true,"href":"https:\/\/koff.swisspeace.ch\/apropos\/wp-json\/wp\/v2\/comments?post=773"}],"version-history":[{"count":4,"href":"https:\/\/koff.swisspeace.ch\/apropos\/wp-json\/wp\/v2\/posts\/773\/revisions"}],"predecessor-version":[{"id":1056,"href":"https:\/\/koff.swisspeace.ch\/apropos\/wp-json\/wp\/v2\/posts\/773\/revisions\/1056"}],"wp:featuredmedia":[{"embeddable":true,"href":"https:\/\/koff.swisspeace.ch\/apropos\/wp-json\/wp\/v2\/media\/766"}],"wp:attachment":[{"href":"https:\/\/koff.swisspeace.ch\/apropos\/wp-json\/wp\/v2\/media?parent=773"}],"wp:term":[{"taxonomy":"category","embeddable":true,"href":"https:\/\/koff.swisspeace.ch\/apropos\/wp-json\/wp\/v2\/categories?post=773"},{"taxonomy":"post_tag","embeddable":true,"href":"https:\/\/koff.swisspeace.ch\/apropos\/wp-json\/wp\/v2\/tags?post=773"},{"taxonomy":"issue","embeddable":true,"href":"https:\/\/koff.swisspeace.ch\/apropos\/wp-json\/wp\/v2\/issue?post=773"}],"curies":[{"name":"wp","href":"https:\/\/api.w.org\/{rel}","templated":true}]}}