{"id":7738,"date":"2026-07-02T08:29:05","date_gmt":"2026-07-02T08:29:05","guid":{"rendered":"https:\/\/koff.swisspeace.ch\/apropos\/?p=7738"},"modified":"2026-07-02T08:29:05","modified_gmt":"2026-07-02T08:29:05","slug":"jobangebot-policy-stakeholder-engagement-lead-80-100","status":"publish","type":"post","link":"https:\/\/koff.swisspeace.ch\/apropos\/7738\/jobangebot-policy-stakeholder-engagement-lead-80-100\/","title":{"rendered":"Jobangebot \u2013 Policy &#038; Stakeholder Engagement Lead (80\u2013100%)"},"content":{"rendered":"\n<p>Sind Sie daran interessiert, den friedenspolitischen Dialog mitzugestalten und den Austausch zwischen Zivilgesellschaft, Bundesverwaltung und weiteren politischen Entscheidungstr\u00e4ger:innen zu f\u00f6rdern? swisspeace sucht eine:n Policy &amp; Stakeholder Engagement Lead, um das strategische politische Engagement zu st\u00e4rken und die Schweizer Plattform f\u00fcr Friedensf\u00f6rderung (KOFF) zu leiten. Dies ist eine einzigartige Gelegenheit, zur Friedensf\u00f6rderung in der Schweiz und dar\u00fcber hinaus beizutragen, indem Sie Akteur:innen vernetzen, den politischen Dialog voranbringen und innovative Austauschformate weiterentwickeln. Der Arbeitsort ist Basel. Der Stellenantritt ist am<strong> <\/strong>1. September 2026 (oder nach Vereinbarung).<\/p>\n\n\n\n<p>Bewerbungsfrist: 2. August 2026<\/p>\n\n\n\n<p>Die vollst\u00e4ndige Stellenausschreibung sowie Informationen zur Bewerbung finden Sie <a rel=\"noreferrer noopener\" href=\"https:\/\/www.swisspeace.ch\/jobs\" target=\"_blank\">hier<\/a>.<\/p>\n\n\n\n<p><\/p>\n","protected":false},"excerpt":{"rendered":"<p>Sind Sie daran interessiert, den friedenspolitischen Dialog mitzugestalten und den Austausch zwischen Zivilgesellschaft, Bundesverwaltung und weiteren politischen Entscheidungstr\u00e4ger:innen zu f\u00f6rdern? swisspeace sucht eine:n Policy &amp; Stakeholder Engagement Lead, um das strategische politische Engagement zu st\u00e4rken und die Schweizer Plattform f\u00fcr Friedensf\u00f6rderung (KOFF) zu leiten. Dies ist eine einzigartige Gelegenheit, zur Friedensf\u00f6rderung in der Schweiz und <a href=\"https:\/\/koff.swisspeace.ch\/apropos\/7738\/jobangebot-policy-stakeholder-engagement-lead-80-100\/\" class=\"more-link\">&#8230;<span class=\"screen-reader-text\">  Jobangebot \u2013 Policy &#038; Stakeholder Engagement Lead (80\u2013100%)<\/span><\/a><\/p>\n","protected":false},"author":3,"featured_media":6938,"comment_status":"closed","ping_status":"closed","sticky":false,"template":"","format":"standard","meta":{"advgb_blocks_editor_width":"","advgb_blocks_columns_visual_guide":""},"categories":[71],"tags":[],"issue":[513],"acf":[],"author_meta":{"display_name":"\u00e0 propos","author_link":"https:\/\/koff.swisspeace.ch\/apropos\/author\/apropos\/"},"featured_img":"https:\/\/koff.swisspeace.ch\/apropos\/wp-content\/uploads\/2025\/12\/Icon-announcement-600x332.jpg","coauthors":[],"tax_additional":{"categories":{"linked":["<a href=\"https:\/\/koff.swisspeace.ch\/apropos\/category\/news-de\/\" class=\"advgb-post-tax-term\">Aktuell<\/a>"],"unlinked":["<span class=\"advgb-post-tax-term\">Aktuell<\/span>"]}},"comment_count":0,"relative_dates":{"created":"Posted 2 months ago","modified":"Updated 2 months ago"},"absolute_dates":{"created":"Posted on July 2, 2026","modified":"Updated on July 2, 2026"},"absolute_dates_time":{"created":"Posted on July 2, 2026 8:29 am","modified":"Updated on July 2, 2026 8:29 am"},"featured_img_caption":"","series_order":null,"_links":{"self":[{"href":"https:\/\/koff.swisspeace.ch\/apropos\/wp-json\/wp\/v2\/posts\/7738"}],"collection":[{"href":"https:\/\/koff.swisspeace.ch\/apropos\/wp-json\/wp\/v2\/posts"}],"about":[{"href":"https:\/\/koff.swisspeace.ch\/apropos\/wp-json\/wp\/v2\/types\/post"}],"author":[{"embeddable":true,"href":"https:\/\/koff.swisspeace.ch\/apropos\/wp-json\/wp\/v2\/users\/3"}],"replies":[{"embeddable":true,"href":"https:\/\/koff.swisspeace.ch\/apropos\/wp-json\/wp\/v2\/comments?post=7738"}],"version-history":[{"count":7,"href":"https:\/\/koff.swisspeace.ch\/apropos\/wp-json\/wp\/v2\/posts\/7738\/revisions"}],"predecessor-version":[{"id":7767,"href":"https:\/\/koff.swisspeace.ch\/apropos\/wp-json\/wp\/v2\/posts\/7738\/revisions\/7767"}],"wp:featuredmedia":[{"embeddable":true,"href":"https:\/\/koff.swisspeace.ch\/apropos\/wp-json\/wp\/v2\/media\/6938"}],"wp:attachment":[{"href":"https:\/\/koff.swisspeace.ch\/apropos\/wp-json\/wp\/v2\/media?parent=7738"}],"wp:term":[{"taxonomy":"category","embeddable":true,"href":"https:\/\/koff.swisspeace.ch\/apropos\/wp-json\/wp\/v2\/categories?post=7738"},{"taxonomy":"post_tag","embeddable":true,"href":"https:\/\/koff.swisspeace.ch\/apropos\/wp-json\/wp\/v2\/tags?post=7738"},{"taxonomy":"issue","embeddable":true,"href":"https:\/\/koff.swisspeace.ch\/apropos\/wp-json\/wp\/v2\/issue?post=7738"}],"curies":[{"name":"wp","href":"https:\/\/api.w.org\/{rel}","templated":true}]}}