{"id":7834,"date":"2026-07-02T07:55:24","date_gmt":"2026-07-02T07:55:24","guid":{"rendered":"https:\/\/koff.swisspeace.ch\/apropos\/?p=7834"},"modified":"2026-07-02T07:55:24","modified_gmt":"2026-07-02T07:55:24","slug":"offre-demploi-policy-stakeholder-engagement-lead-80-100","status":"publish","type":"post","link":"https:\/\/koff.swisspeace.ch\/apropos\/7834\/offre-demploi-policy-stakeholder-engagement-lead-80-100\/","title":{"rendered":"Offre d&#8217;emploi \u2013 Policy &amp; Stakeholder Engagement Lead (80\u2013100%)"},"content":{"rendered":"\n<p>\u00cates-vous passionn\u00e9\u00b7e par les politiques de consolidation de la paix, le dialogue entre la soci\u00e9t\u00e9 civile, l\u2019administration f\u00e9d\u00e9rale et les autres acteurs politiques? swisspeace recherche un\u00b7e &#8220;Policy &amp; Stakeholder Engagement Lead&#8221; pour renforcer son engagement strat\u00e9gique en mati\u00e8re de politique de paix et diriger la Plateforme suisse de promotion de la paix (KOFF). Il s&#8217;agit d&#8217;une occasion unique de contribuer \u00e0 la promotion de la paix en Suisse et au-del\u00e0, en mettant en r\u00e9seau les parties prenantes, en faisant progresser le dialogue politique et en d\u00e9veloppant des espaces d&#8217;\u00e9change innovants. Le poste est bas\u00e9 \u00e0 B\u00e2le et d\u00e9bute le 1er septembre 2026 (ou \u00e0 convenir).<\/p>\n\n\n\n<p>D\u00e9lai de candidature : 2 ao\u00fbt 2026<\/p>\n\n\n\n<p>Description du poste et candidature <a rel=\"noreferrer noopener\" href=\"https:\/\/www.swisspeace.ch\/jobs\" target=\"_blank\">ici<\/a>.<\/p>\n","protected":false},"excerpt":{"rendered":"<p>\u00cates-vous passionn\u00e9\u00b7e par les politiques de consolidation de la paix, le dialogue entre la soci\u00e9t\u00e9 civile, l\u2019administration f\u00e9d\u00e9rale et les autres acteurs politiques? swisspeace recherche un\u00b7e &#8220;Policy &amp; Stakeholder Engagement Lead&#8221; pour renforcer son engagement strat\u00e9gique en mati\u00e8re de politique de paix et diriger la Plateforme suisse de promotion de la paix (KOFF). Il s&#8217;agit <a href=\"https:\/\/koff.swisspeace.ch\/apropos\/7834\/offre-demploi-policy-stakeholder-engagement-lead-80-100\/\" class=\"more-link\">&#8230;<span class=\"screen-reader-text\">  Offre d&#8217;emploi \u2013 Policy &amp; Stakeholder Engagement Lead (80\u2013100%)<\/span><\/a><\/p>\n","protected":false},"author":3,"featured_media":6938,"comment_status":"closed","ping_status":"closed","sticky":false,"template":"","format":"standard","meta":{"advgb_blocks_editor_width":"","advgb_blocks_columns_visual_guide":""},"categories":[99],"tags":[],"issue":[515],"acf":[],"author_meta":{"display_name":"\u00e0 propos","author_link":"https:\/\/koff.swisspeace.ch\/apropos\/author\/apropos\/"},"featured_img":"https:\/\/koff.swisspeace.ch\/apropos\/wp-content\/uploads\/2025\/12\/Icon-announcement-600x332.jpg","coauthors":[],"tax_additional":{"categories":{"linked":["<a href=\"https:\/\/koff.swisspeace.ch\/apropos\/category\/news-fr\/\" class=\"advgb-post-tax-term\">Actualit\u00e9<\/a>"],"unlinked":["<span class=\"advgb-post-tax-term\">Actualit\u00e9<\/span>"]}},"comment_count":0,"relative_dates":{"created":"Posted 2 months ago","modified":"Updated 2 months ago"},"absolute_dates":{"created":"Posted on July 2, 2026","modified":"Updated on July 2, 2026"},"absolute_dates_time":{"created":"Posted on July 2, 2026 7:55 am","modified":"Updated on July 2, 2026 7:55 am"},"featured_img_caption":"","series_order":null,"_links":{"self":[{"href":"https:\/\/koff.swisspeace.ch\/apropos\/wp-json\/wp\/v2\/posts\/7834"}],"collection":[{"href":"https:\/\/koff.swisspeace.ch\/apropos\/wp-json\/wp\/v2\/posts"}],"about":[{"href":"https:\/\/koff.swisspeace.ch\/apropos\/wp-json\/wp\/v2\/types\/post"}],"author":[{"embeddable":true,"href":"https:\/\/koff.swisspeace.ch\/apropos\/wp-json\/wp\/v2\/users\/3"}],"replies":[{"embeddable":true,"href":"https:\/\/koff.swisspeace.ch\/apropos\/wp-json\/wp\/v2\/comments?post=7834"}],"version-history":[{"count":4,"href":"https:\/\/koff.swisspeace.ch\/apropos\/wp-json\/wp\/v2\/posts\/7834\/revisions"}],"predecessor-version":[{"id":7913,"href":"https:\/\/koff.swisspeace.ch\/apropos\/wp-json\/wp\/v2\/posts\/7834\/revisions\/7913"}],"wp:featuredmedia":[{"embeddable":true,"href":"https:\/\/koff.swisspeace.ch\/apropos\/wp-json\/wp\/v2\/media\/6938"}],"wp:attachment":[{"href":"https:\/\/koff.swisspeace.ch\/apropos\/wp-json\/wp\/v2\/media?parent=7834"}],"wp:term":[{"taxonomy":"category","embeddable":true,"href":"https:\/\/koff.swisspeace.ch\/apropos\/wp-json\/wp\/v2\/categories?post=7834"},{"taxonomy":"post_tag","embeddable":true,"href":"https:\/\/koff.swisspeace.ch\/apropos\/wp-json\/wp\/v2\/tags?post=7834"},{"taxonomy":"issue","embeddable":true,"href":"https:\/\/koff.swisspeace.ch\/apropos\/wp-json\/wp\/v2\/issue?post=7834"}],"curies":[{"name":"wp","href":"https:\/\/api.w.org\/{rel}","templated":true}]}}