{"id":7844,"date":"2026-07-02T08:29:05","date_gmt":"2026-07-02T08:29:05","guid":{"rendered":"https:\/\/koff.swisspeace.ch\/apropos\/?p=7844"},"modified":"2026-07-02T08:32:31","modified_gmt":"2026-07-02T08:32:31","slug":"kenia-pbi-schweiz-spricht-auf-radio-fribourg-ueber-polizeigewalt","status":"publish","type":"post","link":"https:\/\/koff.swisspeace.ch\/apropos\/7844\/kenia-pbi-schweiz-spricht-auf-radio-fribourg-ueber-polizeigewalt\/","title":{"rendered":"Kenia: PBI Schweiz spricht auf Radio Fribourg \u00fcber Polizeigewalt"},"content":{"rendered":"\n<p>Ein Beitrag von <em>Le Mag<\/em> auf Radio Fribourg berichtet \u00fcber die Arbeit von PBI in Kenia. Im Mittelpunkt stehen Themen wie Polizeigewalt, die Unterst\u00fctzung von Menschenrechtsverteidiger:innen sowie die internationale Advocacy-Arbeit von PBI.<\/p>\n\n\n\n<p><a rel=\"noreferrer noopener\" href=\"https:\/\/peacebrigades.ch\/de\/aktuelles\/kenia-pbi-schweiz-spricht-bei-radio-fribourg-ueber-polizeigewalt\" target=\"_blank\">Hier<\/a> klicken f\u00fcr mehr Informationen.<\/p>\n","protected":false},"excerpt":{"rendered":"<p>Ein Beitrag von Le Mag auf Radio Fribourg berichtet \u00fcber die Arbeit von PBI in Kenia. Im Mittelpunkt stehen Themen wie Polizeigewalt, die Unterst\u00fctzung von Menschenrechtsverteidiger:innen sowie die internationale Advocacy-Arbeit von PBI. Hier klicken f\u00fcr mehr Informationen.<\/p>\n","protected":false},"author":3,"featured_media":6938,"comment_status":"closed","ping_status":"closed","sticky":false,"template":"","format":"standard","meta":{"advgb_blocks_editor_width":"","advgb_blocks_columns_visual_guide":""},"categories":[71],"tags":[],"issue":[513],"acf":[],"author_meta":{"display_name":"\u00e0 propos","author_link":"https:\/\/koff.swisspeace.ch\/apropos\/author\/apropos\/"},"featured_img":"https:\/\/koff.swisspeace.ch\/apropos\/wp-content\/uploads\/2025\/12\/Icon-announcement-600x332.jpg","coauthors":[],"tax_additional":{"categories":{"linked":["<a href=\"https:\/\/koff.swisspeace.ch\/apropos\/category\/news-de\/\" class=\"advgb-post-tax-term\">Aktuell<\/a>"],"unlinked":["<span class=\"advgb-post-tax-term\">Aktuell<\/span>"]}},"comment_count":0,"relative_dates":{"created":"Posted 2 months ago","modified":"Updated 2 months ago"},"absolute_dates":{"created":"Posted on July 2, 2026","modified":"Updated on July 2, 2026"},"absolute_dates_time":{"created":"Posted on July 2, 2026 8:29 am","modified":"Updated on July 2, 2026 8:32 am"},"featured_img_caption":"","series_order":null,"_links":{"self":[{"href":"https:\/\/koff.swisspeace.ch\/apropos\/wp-json\/wp\/v2\/posts\/7844"}],"collection":[{"href":"https:\/\/koff.swisspeace.ch\/apropos\/wp-json\/wp\/v2\/posts"}],"about":[{"href":"https:\/\/koff.swisspeace.ch\/apropos\/wp-json\/wp\/v2\/types\/post"}],"author":[{"embeddable":true,"href":"https:\/\/koff.swisspeace.ch\/apropos\/wp-json\/wp\/v2\/users\/3"}],"replies":[{"embeddable":true,"href":"https:\/\/koff.swisspeace.ch\/apropos\/wp-json\/wp\/v2\/comments?post=7844"}],"version-history":[{"count":7,"href":"https:\/\/koff.swisspeace.ch\/apropos\/wp-json\/wp\/v2\/posts\/7844\/revisions"}],"predecessor-version":[{"id":7925,"href":"https:\/\/koff.swisspeace.ch\/apropos\/wp-json\/wp\/v2\/posts\/7844\/revisions\/7925"}],"wp:featuredmedia":[{"embeddable":true,"href":"https:\/\/koff.swisspeace.ch\/apropos\/wp-json\/wp\/v2\/media\/6938"}],"wp:attachment":[{"href":"https:\/\/koff.swisspeace.ch\/apropos\/wp-json\/wp\/v2\/media?parent=7844"}],"wp:term":[{"taxonomy":"category","embeddable":true,"href":"https:\/\/koff.swisspeace.ch\/apropos\/wp-json\/wp\/v2\/categories?post=7844"},{"taxonomy":"post_tag","embeddable":true,"href":"https:\/\/koff.swisspeace.ch\/apropos\/wp-json\/wp\/v2\/tags?post=7844"},{"taxonomy":"issue","embeddable":true,"href":"https:\/\/koff.swisspeace.ch\/apropos\/wp-json\/wp\/v2\/issue?post=7844"}],"curies":[{"name":"wp","href":"https:\/\/api.w.org\/{rel}","templated":true}]}}