{"id":7854,"date":"2026-07-02T07:55:23","date_gmt":"2026-07-02T07:55:23","guid":{"rendered":"https:\/\/koff.swisspeace.ch\/apropos\/?p=7854"},"modified":"2026-07-02T07:55:23","modified_gmt":"2026-07-02T07:55:23","slug":"kenya-pbi-suisse-sur-radio-fribourg-contre-les-violences-policieres","status":"publish","type":"post","link":"https:\/\/koff.swisspeace.ch\/apropos\/7854\/kenya-pbi-suisse-sur-radio-fribourg-contre-les-violences-policieres\/","title":{"rendered":"Kenya: PBI Suisse sur Radio Fribourg contre les violences polici\u00e8res"},"content":{"rendered":"\n<p>Une \u00e9mission du Mag de Radio Fribourg revient sur le projet de PBI au Kenya, entre violences polici\u00e8res, soutien aux personnes qui d\u00e9fendent les droits humains et actions de plaidoyer.<\/p>\n\n\n\n<p>Cliquez <a rel=\"noreferrer noopener\" href=\"https:\/\/peacebrigades.ch\/fr\/kenya-pbi-suisse-sur-radio-fribourg-contre-les-violences-policieres\" target=\"_blank\">ici <\/a>pour plus d&#8217;informations.<\/p>\n","protected":false},"excerpt":{"rendered":"<p>Une \u00e9mission du Mag de Radio Fribourg revient sur le projet de PBI au Kenya, entre violences polici\u00e8res, soutien aux personnes qui d\u00e9fendent les droits humains et actions de plaidoyer. Cliquez ici pour plus d&#8217;informations.<\/p>\n","protected":false},"author":3,"featured_media":6938,"comment_status":"closed","ping_status":"closed","sticky":false,"template":"","format":"standard","meta":{"advgb_blocks_editor_width":"","advgb_blocks_columns_visual_guide":""},"categories":[99],"tags":[],"issue":[515],"acf":[],"author_meta":{"display_name":"\u00e0 propos","author_link":"https:\/\/koff.swisspeace.ch\/apropos\/author\/apropos\/"},"featured_img":"https:\/\/koff.swisspeace.ch\/apropos\/wp-content\/uploads\/2025\/12\/Icon-announcement-600x332.jpg","coauthors":[],"tax_additional":{"categories":{"linked":["<a href=\"https:\/\/koff.swisspeace.ch\/apropos\/category\/news-fr\/\" class=\"advgb-post-tax-term\">Actualit\u00e9<\/a>"],"unlinked":["<span class=\"advgb-post-tax-term\">Actualit\u00e9<\/span>"]}},"comment_count":0,"relative_dates":{"created":"Posted 2 months ago","modified":"Updated 2 months ago"},"absolute_dates":{"created":"Posted on July 2, 2026","modified":"Updated on July 2, 2026"},"absolute_dates_time":{"created":"Posted on July 2, 2026 7:55 am","modified":"Updated on July 2, 2026 7:55 am"},"featured_img_caption":"","series_order":null,"_links":{"self":[{"href":"https:\/\/koff.swisspeace.ch\/apropos\/wp-json\/wp\/v2\/posts\/7854"}],"collection":[{"href":"https:\/\/koff.swisspeace.ch\/apropos\/wp-json\/wp\/v2\/posts"}],"about":[{"href":"https:\/\/koff.swisspeace.ch\/apropos\/wp-json\/wp\/v2\/types\/post"}],"author":[{"embeddable":true,"href":"https:\/\/koff.swisspeace.ch\/apropos\/wp-json\/wp\/v2\/users\/3"}],"replies":[{"embeddable":true,"href":"https:\/\/koff.swisspeace.ch\/apropos\/wp-json\/wp\/v2\/comments?post=7854"}],"version-history":[{"count":4,"href":"https:\/\/koff.swisspeace.ch\/apropos\/wp-json\/wp\/v2\/posts\/7854\/revisions"}],"predecessor-version":[{"id":7909,"href":"https:\/\/koff.swisspeace.ch\/apropos\/wp-json\/wp\/v2\/posts\/7854\/revisions\/7909"}],"wp:featuredmedia":[{"embeddable":true,"href":"https:\/\/koff.swisspeace.ch\/apropos\/wp-json\/wp\/v2\/media\/6938"}],"wp:attachment":[{"href":"https:\/\/koff.swisspeace.ch\/apropos\/wp-json\/wp\/v2\/media?parent=7854"}],"wp:term":[{"taxonomy":"category","embeddable":true,"href":"https:\/\/koff.swisspeace.ch\/apropos\/wp-json\/wp\/v2\/categories?post=7854"},{"taxonomy":"post_tag","embeddable":true,"href":"https:\/\/koff.swisspeace.ch\/apropos\/wp-json\/wp\/v2\/tags?post=7854"},{"taxonomy":"issue","embeddable":true,"href":"https:\/\/koff.swisspeace.ch\/apropos\/wp-json\/wp\/v2\/issue?post=7854"}],"curies":[{"name":"wp","href":"https:\/\/api.w.org\/{rel}","templated":true}]}}