{"id":803,"date":"2023-02-23T16:36:55","date_gmt":"2023-02-23T16:36:55","guid":{"rendered":"https:\/\/koff.swisspeace.ch\/apropos\/?p=803"},"modified":"2023-02-24T09:53:27","modified_gmt":"2023-02-24T09:53:27","slug":"gewaltsame-ausschreitungen-in-brasilien-unterstuetzung-der-demokratischen-kraefte-wichtiger-denn-je","status":"publish","type":"post","link":"https:\/\/koff.swisspeace.ch\/apropos\/803\/gewaltsame-ausschreitungen-in-brasilien-unterstuetzung-der-demokratischen-kraefte-wichtiger-denn-je\/","title":{"rendered":"Gewaltsame Ausschreitungen in Brasilien: Unterst\u00fctzung der demokratischen Kr\u00e4fte wichtiger denn je!"},"content":{"rendered":"\n<p><\/p>\n\n\n\n<p>Mit dem Sturm auf das brasilianische Parlament, den Pr\u00e4sidentenpalast und den Obersten Gerichtshof am 8. Januar 2023 haben sich die schlimmsten Bef\u00fcrchtungen zu Gewalt im Zuge der Amts\u00fcbergabe des Pr\u00e4sidenten best\u00e4tigt. Die gesellschaftliche Polarisierung hat ein Ausmass erreicht, in der sich der \u00fcber Jahre gesch\u00fcrte Hass in gewaltsamen Ausschreitungen Bahn bricht. terre des hommes schweiz prangert die Auswirkungen dieser Ereignisse f\u00fcr die Friedensf\u00f6rderungsprogramme in Brasilien an und pl\u00e4diert f\u00fcr die Notwendigkeit, den Handlungsspielraum der Zivilgesellschaft zu st\u00e4rken und eine Friedenskultur zu f\u00f6rdern.<\/p>\n\n\n\n<p><\/p>\n","protected":false},"excerpt":{"rendered":"<p>Mit dem Sturm auf das brasilianische Parlament, den Pr\u00e4sidentenpalast und den Obersten Gerichtshof am 8. Januar 2023 haben sich die schlimmsten Bef\u00fcrchtungen zu Gewalt im Zuge der Amts\u00fcbergabe des Pr\u00e4sidenten best\u00e4tigt. Die gesellschaftliche Polarisierung hat ein Ausmass erreicht, in der sich der \u00fcber Jahre gesch\u00fcrte Hass in gewaltsamen Ausschreitungen Bahn bricht. terre des hommes schweiz <a href=\"https:\/\/koff.swisspeace.ch\/apropos\/803\/gewaltsame-ausschreitungen-in-brasilien-unterstuetzung-der-demokratischen-kraefte-wichtiger-denn-je\/\" class=\"more-link\">&#8230;<span class=\"screen-reader-text\">  Gewaltsame Ausschreitungen in Brasilien: Unterst\u00fctzung der demokratischen Kr\u00e4fte wichtiger denn je!<\/span><\/a><\/p>\n","protected":false},"author":3,"featured_media":800,"comment_status":"open","ping_status":"open","sticky":false,"template":"","format":"standard","meta":{"advgb_blocks_editor_width":"","advgb_blocks_columns_visual_guide":""},"categories":[71],"tags":[],"issue":[133],"acf":[],"author_meta":{"display_name":"\u00e0 propos","author_link":"https:\/\/koff.swisspeace.ch\/apropos\/author\/apropos\/"},"featured_img":"https:\/\/koff.swisspeace.ch\/apropos\/wp-content\/uploads\/2023\/02\/newsbeitragTDH179-600x332.png","coauthors":[],"tax_additional":{"categories":{"linked":["<a href=\"https:\/\/koff.swisspeace.ch\/apropos\/category\/news-de\/\" class=\"advgb-post-tax-term\">Aktuell<\/a>"],"unlinked":["<span class=\"advgb-post-tax-term\">Aktuell<\/span>"]}},"comment_count":0,"relative_dates":{"created":"Posted 4 years ago","modified":"Updated 4 years ago"},"absolute_dates":{"created":"Posted on February 23, 2023","modified":"Updated on February 24, 2023"},"absolute_dates_time":{"created":"Posted on February 23, 2023 4:36 pm","modified":"Updated on February 24, 2023 9:53 am"},"featured_img_caption":"","series_order":null,"_links":{"self":[{"href":"https:\/\/koff.swisspeace.ch\/apropos\/wp-json\/wp\/v2\/posts\/803"}],"collection":[{"href":"https:\/\/koff.swisspeace.ch\/apropos\/wp-json\/wp\/v2\/posts"}],"about":[{"href":"https:\/\/koff.swisspeace.ch\/apropos\/wp-json\/wp\/v2\/types\/post"}],"author":[{"embeddable":true,"href":"https:\/\/koff.swisspeace.ch\/apropos\/wp-json\/wp\/v2\/users\/3"}],"replies":[{"embeddable":true,"href":"https:\/\/koff.swisspeace.ch\/apropos\/wp-json\/wp\/v2\/comments?post=803"}],"version-history":[{"count":2,"href":"https:\/\/koff.swisspeace.ch\/apropos\/wp-json\/wp\/v2\/posts\/803\/revisions"}],"predecessor-version":[{"id":805,"href":"https:\/\/koff.swisspeace.ch\/apropos\/wp-json\/wp\/v2\/posts\/803\/revisions\/805"}],"wp:featuredmedia":[{"embeddable":true,"href":"https:\/\/koff.swisspeace.ch\/apropos\/wp-json\/wp\/v2\/media\/800"}],"wp:attachment":[{"href":"https:\/\/koff.swisspeace.ch\/apropos\/wp-json\/wp\/v2\/media?parent=803"}],"wp:term":[{"taxonomy":"category","embeddable":true,"href":"https:\/\/koff.swisspeace.ch\/apropos\/wp-json\/wp\/v2\/categories?post=803"},{"taxonomy":"post_tag","embeddable":true,"href":"https:\/\/koff.swisspeace.ch\/apropos\/wp-json\/wp\/v2\/tags?post=803"},{"taxonomy":"issue","embeddable":true,"href":"https:\/\/koff.swisspeace.ch\/apropos\/wp-json\/wp\/v2\/issue?post=803"}],"curies":[{"name":"wp","href":"https:\/\/api.w.org\/{rel}","templated":true}]}}