{"id":807,"date":"2023-02-23T15:39:22","date_gmt":"2023-02-23T15:39:22","guid":{"rendered":"https:\/\/koff.swisspeace.ch\/apropos\/?p=807"},"modified":"2023-02-24T09:53:54","modified_gmt":"2023-02-24T09:53:54","slug":"violences-a-brasilia-le-soutien-aux-forces-democratiques-plus-important-que-jamais","status":"publish","type":"post","link":"https:\/\/koff.swisspeace.ch\/apropos\/807\/violences-a-brasilia-le-soutien-aux-forces-democratiques-plus-important-que-jamais\/","title":{"rendered":"Violences \u00e0 Bras\u00edlia : le soutien aux forces d\u00e9mocratiques plus important que jamais !"},"content":{"rendered":"\n<p><\/p>\n\n\n\n<p>Avec l&#8217;assaut du Parlement br\u00e9silien le 8 janvier 2023, les pires craintes de violence dans le cadre de la passation de pouvoir pr\u00e9sidentiel ont \u00e9t\u00e9 confirm\u00e9es. La polarisation de la soci\u00e9t\u00e9 a provoqu\u00e9 un tel niveau de haine attis\u00e9e au fil des ann\u00e9es qu&#8217;elle se traduit aujourd&#8217;hui par des d\u00e9bordements violents. terre des hommes schweiz d\u00e9nnonce l&#8217;impact de ces \u00e9v\u00e9nements pour les programmes de promotion de la paix au Br\u00e9sil, plaide pour la n\u00e9cessit\u00e9 de renforcer la marge de man\u0153uvre de la soci\u00e9t\u00e9 civile et de promouvoir une culture de la paix.<\/p>\n\n\n\n<p><\/p>\n","protected":false},"excerpt":{"rendered":"<p>Avec l&#8217;assaut du Parlement br\u00e9silien le 8 janvier 2023, les pires craintes de violence dans le cadre de la passation de pouvoir pr\u00e9sidentiel ont \u00e9t\u00e9 confirm\u00e9es. La polarisation de la soci\u00e9t\u00e9 a provoqu\u00e9 un tel niveau de haine attis\u00e9e au fil des ann\u00e9es qu&#8217;elle se traduit aujourd&#8217;hui par des d\u00e9bordements violents. terre des hommes schweiz <a href=\"https:\/\/koff.swisspeace.ch\/apropos\/807\/violences-a-brasilia-le-soutien-aux-forces-democratiques-plus-important-que-jamais\/\" class=\"more-link\">&#8230;<span class=\"screen-reader-text\">  Violences \u00e0 Bras\u00edlia : le soutien aux forces d\u00e9mocratiques plus important que jamais !<\/span><\/a><\/p>\n","protected":false},"author":3,"featured_media":800,"comment_status":"open","ping_status":"open","sticky":false,"template":"","format":"standard","meta":{"advgb_blocks_editor_width":"","advgb_blocks_columns_visual_guide":""},"categories":[99],"tags":[],"issue":[135],"acf":[],"author_meta":{"display_name":"\u00e0 propos","author_link":"https:\/\/koff.swisspeace.ch\/apropos\/author\/apropos\/"},"featured_img":"https:\/\/koff.swisspeace.ch\/apropos\/wp-content\/uploads\/2023\/02\/newsbeitragTDH179-600x332.png","coauthors":[],"tax_additional":{"categories":{"linked":["<a href=\"https:\/\/koff.swisspeace.ch\/apropos\/category\/news-fr\/\" class=\"advgb-post-tax-term\">Actualit\u00e9<\/a>"],"unlinked":["<span class=\"advgb-post-tax-term\">Actualit\u00e9<\/span>"]}},"comment_count":0,"relative_dates":{"created":"Posted 4 years ago","modified":"Updated 4 years ago"},"absolute_dates":{"created":"Posted on February 23, 2023","modified":"Updated on February 24, 2023"},"absolute_dates_time":{"created":"Posted on February 23, 2023 3:39 pm","modified":"Updated on February 24, 2023 9:53 am"},"featured_img_caption":"","series_order":null,"_links":{"self":[{"href":"https:\/\/koff.swisspeace.ch\/apropos\/wp-json\/wp\/v2\/posts\/807"}],"collection":[{"href":"https:\/\/koff.swisspeace.ch\/apropos\/wp-json\/wp\/v2\/posts"}],"about":[{"href":"https:\/\/koff.swisspeace.ch\/apropos\/wp-json\/wp\/v2\/types\/post"}],"author":[{"embeddable":true,"href":"https:\/\/koff.swisspeace.ch\/apropos\/wp-json\/wp\/v2\/users\/3"}],"replies":[{"embeddable":true,"href":"https:\/\/koff.swisspeace.ch\/apropos\/wp-json\/wp\/v2\/comments?post=807"}],"version-history":[{"count":3,"href":"https:\/\/koff.swisspeace.ch\/apropos\/wp-json\/wp\/v2\/posts\/807\/revisions"}],"predecessor-version":[{"id":1055,"href":"https:\/\/koff.swisspeace.ch\/apropos\/wp-json\/wp\/v2\/posts\/807\/revisions\/1055"}],"wp:featuredmedia":[{"embeddable":true,"href":"https:\/\/koff.swisspeace.ch\/apropos\/wp-json\/wp\/v2\/media\/800"}],"wp:attachment":[{"href":"https:\/\/koff.swisspeace.ch\/apropos\/wp-json\/wp\/v2\/media?parent=807"}],"wp:term":[{"taxonomy":"category","embeddable":true,"href":"https:\/\/koff.swisspeace.ch\/apropos\/wp-json\/wp\/v2\/categories?post=807"},{"taxonomy":"post_tag","embeddable":true,"href":"https:\/\/koff.swisspeace.ch\/apropos\/wp-json\/wp\/v2\/tags?post=807"},{"taxonomy":"issue","embeddable":true,"href":"https:\/\/koff.swisspeace.ch\/apropos\/wp-json\/wp\/v2\/issue?post=807"}],"curies":[{"name":"wp","href":"https:\/\/api.w.org\/{rel}","templated":true}]}}