{"id":818,"date":"2023-02-23T16:36:55","date_gmt":"2023-02-23T16:36:55","guid":{"rendered":"https:\/\/koff.swisspeace.ch\/apropos\/?p=818"},"modified":"2023-02-24T09:53:27","modified_gmt":"2023-02-24T09:53:27","slug":"oekumenische-kampagne-klimagerechtigkeit-jetzt","status":"publish","type":"post","link":"https:\/\/koff.swisspeace.ch\/apropos\/818\/oekumenische-kampagne-klimagerechtigkeit-jetzt\/","title":{"rendered":"\u00d6kumenische Kampagne: Klimagerechtigkeit \u2013 Jetzt!\u00a0"},"content":{"rendered":"\n<p><\/p>\n\n\n\n<p>Die \u00d6kumenische Kampagne widmet sich erneut der Klimagerechtigkeit, dieses Jahr mit Fokus auf unser Ern\u00e4hrungssystem. Wie wir heute Lebensmittel produzieren und konsumieren, ist f\u00fcr ein Drittel der weltweiten Treibhausgase verantwortlich. Die Klimakrise verst\u00e4rkt den Hunger auf der Welt. Fastenaktion und HEKS sehen einen L\u00f6sungsansatz in der Agrar\u00f6kologie. Dieser ganzheitliche Ansatz verbessert die Klimarelevanz der Produktion und Verteilung unserer Nahrungsmittel vom Feld bis auf den Teller in sozialer, politischer, \u00f6konomischer wie \u00f6kologischer Hinsicht. Mehr Rechte f\u00fcr Kleinb\u00e4uerinnen und -bauern, neue Rahmenbedingungen f\u00fcr eine klimaangepasste Landwirtschaft, faire Handelsbeziehungen sowie die Bewahrung des \u00d6kosystems sind nur einige Vorteile dieses Ansatzes. Die Organisationen fordern mehr politisches sowie individuelles Handeln.  <\/p>\n","protected":false},"excerpt":{"rendered":"<p>Die \u00d6kumenische Kampagne widmet sich erneut der Klimagerechtigkeit, dieses Jahr mit Fokus auf unser Ern\u00e4hrungssystem. Wie wir heute Lebensmittel produzieren und konsumieren, ist f\u00fcr ein Drittel der weltweiten Treibhausgase verantwortlich. Die Klimakrise verst\u00e4rkt den Hunger auf der Welt. Fastenaktion und HEKS sehen einen L\u00f6sungsansatz in der Agrar\u00f6kologie. Dieser ganzheitliche Ansatz verbessert die Klimarelevanz der Produktion <a href=\"https:\/\/koff.swisspeace.ch\/apropos\/818\/oekumenische-kampagne-klimagerechtigkeit-jetzt\/\" class=\"more-link\">&#8230;<span class=\"screen-reader-text\">  \u00d6kumenische Kampagne: Klimagerechtigkeit \u2013 Jetzt!\u00a0<\/span><\/a><\/p>\n","protected":false},"author":3,"featured_media":813,"comment_status":"open","ping_status":"open","sticky":false,"template":"","format":"standard","meta":{"advgb_blocks_editor_width":"","advgb_blocks_columns_visual_guide":""},"categories":[71],"tags":[],"issue":[133],"acf":[],"author_meta":{"display_name":"\u00e0 propos","author_link":"https:\/\/koff.swisspeace.ch\/apropos\/author\/apropos\/"},"featured_img":"https:\/\/koff.swisspeace.ch\/apropos\/wp-content\/uploads\/2023\/02\/Fastenaktion_HEKS_Okumenische_Kampagne_Editorial-600x332.png","coauthors":[],"tax_additional":{"categories":{"linked":["<a href=\"https:\/\/koff.swisspeace.ch\/apropos\/category\/news-de\/\" class=\"advgb-post-tax-term\">Aktuell<\/a>"],"unlinked":["<span class=\"advgb-post-tax-term\">Aktuell<\/span>"]}},"comment_count":0,"relative_dates":{"created":"Posted 4 years ago","modified":"Updated 4 years ago"},"absolute_dates":{"created":"Posted on February 23, 2023","modified":"Updated on February 24, 2023"},"absolute_dates_time":{"created":"Posted on February 23, 2023 4:36 pm","modified":"Updated on February 24, 2023 9:53 am"},"featured_img_caption":"","series_order":null,"_links":{"self":[{"href":"https:\/\/koff.swisspeace.ch\/apropos\/wp-json\/wp\/v2\/posts\/818"}],"collection":[{"href":"https:\/\/koff.swisspeace.ch\/apropos\/wp-json\/wp\/v2\/posts"}],"about":[{"href":"https:\/\/koff.swisspeace.ch\/apropos\/wp-json\/wp\/v2\/types\/post"}],"author":[{"embeddable":true,"href":"https:\/\/koff.swisspeace.ch\/apropos\/wp-json\/wp\/v2\/users\/3"}],"replies":[{"embeddable":true,"href":"https:\/\/koff.swisspeace.ch\/apropos\/wp-json\/wp\/v2\/comments?post=818"}],"version-history":[{"count":2,"href":"https:\/\/koff.swisspeace.ch\/apropos\/wp-json\/wp\/v2\/posts\/818\/revisions"}],"predecessor-version":[{"id":820,"href":"https:\/\/koff.swisspeace.ch\/apropos\/wp-json\/wp\/v2\/posts\/818\/revisions\/820"}],"wp:featuredmedia":[{"embeddable":true,"href":"https:\/\/koff.swisspeace.ch\/apropos\/wp-json\/wp\/v2\/media\/813"}],"wp:attachment":[{"href":"https:\/\/koff.swisspeace.ch\/apropos\/wp-json\/wp\/v2\/media?parent=818"}],"wp:term":[{"taxonomy":"category","embeddable":true,"href":"https:\/\/koff.swisspeace.ch\/apropos\/wp-json\/wp\/v2\/categories?post=818"},{"taxonomy":"post_tag","embeddable":true,"href":"https:\/\/koff.swisspeace.ch\/apropos\/wp-json\/wp\/v2\/tags?post=818"},{"taxonomy":"issue","embeddable":true,"href":"https:\/\/koff.swisspeace.ch\/apropos\/wp-json\/wp\/v2\/issue?post=818"}],"curies":[{"name":"wp","href":"https:\/\/api.w.org\/{rel}","templated":true}]}}