{"id":823,"date":"2023-02-23T15:37:19","date_gmt":"2023-02-23T15:37:19","guid":{"rendered":"https:\/\/koff.swisspeace.ch\/apropos\/?p=823"},"modified":"2023-02-24T09:53:54","modified_gmt":"2023-02-24T09:53:54","slug":"campagne-oecumenique-justice-climatique-maintenant","status":"publish","type":"post","link":"https:\/\/koff.swisspeace.ch\/apropos\/823\/campagne-oecumenique-justice-climatique-maintenant\/","title":{"rendered":"Campagne \u0153cum\u00e9nique : Justice climatique &#8211; maintenant !"},"content":{"rendered":"\n<p><\/p>\n\n\n\n<p>La campagne \u0153cum\u00e9nique se consacre \u00e0 nouveau \u00e0 la justice climatique, en se concentrant cette ann\u00e9e sur notre syst\u00e8me alimentaire. La mani\u00e8re actuelle dont nous produisons et consommons de la nourriture est responsable de l&#8217;\u00e9mission d&#8217;un tiers des gaz \u00e0 effet de serre dans le monde. La crise climatique aggrave la faim dans le monde. Action de Car\u00eame et l&#8217;EPER voient une solution dans l&#8217;agro\u00e9cologie. Cette approche globale am\u00e9liore l&#8217;impact climatique de la production et de la distribution de nos aliments, du champ \u00e0 l&#8217;assiette, sur les plans social, politique, \u00e9conomique et \u00e9cologique. Plus de droits pour les petit\u00b7es paysan\u00b7nes, de nouvelles conditions pour une agriculture adapt\u00e9e au climat, des relations commerciales \u00e9quitables ainsi que la pr\u00e9servation de l&#8217;\u00e9cosyst\u00e8me ne sont que quelques-uns des avantages de cette approche. Les organisations demandent davantage d&#8217;actions politiques et individuelles.<\/p>\n\n\n\n<p><\/p>\n\n\n\n<p><br><\/p>\n","protected":false},"excerpt":{"rendered":"<p>La campagne \u0153cum\u00e9nique se consacre \u00e0 nouveau \u00e0 la justice climatique, en se concentrant cette ann\u00e9e sur notre syst\u00e8me alimentaire. La mani\u00e8re actuelle dont nous produisons et consommons de la nourriture est responsable de l&#8217;\u00e9mission d&#8217;un tiers des gaz \u00e0 effet de serre dans le monde. La crise climatique aggrave la faim dans le monde. <a href=\"https:\/\/koff.swisspeace.ch\/apropos\/823\/campagne-oecumenique-justice-climatique-maintenant\/\" class=\"more-link\">&#8230;<span class=\"screen-reader-text\">  Campagne \u0153cum\u00e9nique : Justice climatique &#8211; maintenant !<\/span><\/a><\/p>\n","protected":false},"author":3,"featured_media":813,"comment_status":"open","ping_status":"open","sticky":false,"template":"","format":"standard","meta":{"advgb_blocks_editor_width":"","advgb_blocks_columns_visual_guide":""},"categories":[99],"tags":[],"issue":[135],"acf":[],"author_meta":{"display_name":"\u00e0 propos","author_link":"https:\/\/koff.swisspeace.ch\/apropos\/author\/apropos\/"},"featured_img":"https:\/\/koff.swisspeace.ch\/apropos\/wp-content\/uploads\/2023\/02\/Fastenaktion_HEKS_Okumenische_Kampagne_Editorial-600x332.png","coauthors":[],"tax_additional":{"categories":{"linked":["<a href=\"https:\/\/koff.swisspeace.ch\/apropos\/category\/news-fr\/\" class=\"advgb-post-tax-term\">Actualit\u00e9<\/a>"],"unlinked":["<span class=\"advgb-post-tax-term\">Actualit\u00e9<\/span>"]}},"comment_count":0,"relative_dates":{"created":"Posted 4 years ago","modified":"Updated 4 years ago"},"absolute_dates":{"created":"Posted on February 23, 2023","modified":"Updated on February 24, 2023"},"absolute_dates_time":{"created":"Posted on February 23, 2023 3:37 pm","modified":"Updated on February 24, 2023 9:53 am"},"featured_img_caption":"","series_order":null,"_links":{"self":[{"href":"https:\/\/koff.swisspeace.ch\/apropos\/wp-json\/wp\/v2\/posts\/823"}],"collection":[{"href":"https:\/\/koff.swisspeace.ch\/apropos\/wp-json\/wp\/v2\/posts"}],"about":[{"href":"https:\/\/koff.swisspeace.ch\/apropos\/wp-json\/wp\/v2\/types\/post"}],"author":[{"embeddable":true,"href":"https:\/\/koff.swisspeace.ch\/apropos\/wp-json\/wp\/v2\/users\/3"}],"replies":[{"embeddable":true,"href":"https:\/\/koff.swisspeace.ch\/apropos\/wp-json\/wp\/v2\/comments?post=823"}],"version-history":[{"count":5,"href":"https:\/\/koff.swisspeace.ch\/apropos\/wp-json\/wp\/v2\/posts\/823\/revisions"}],"predecessor-version":[{"id":1054,"href":"https:\/\/koff.swisspeace.ch\/apropos\/wp-json\/wp\/v2\/posts\/823\/revisions\/1054"}],"wp:featuredmedia":[{"embeddable":true,"href":"https:\/\/koff.swisspeace.ch\/apropos\/wp-json\/wp\/v2\/media\/813"}],"wp:attachment":[{"href":"https:\/\/koff.swisspeace.ch\/apropos\/wp-json\/wp\/v2\/media?parent=823"}],"wp:term":[{"taxonomy":"category","embeddable":true,"href":"https:\/\/koff.swisspeace.ch\/apropos\/wp-json\/wp\/v2\/categories?post=823"},{"taxonomy":"post_tag","embeddable":true,"href":"https:\/\/koff.swisspeace.ch\/apropos\/wp-json\/wp\/v2\/tags?post=823"},{"taxonomy":"issue","embeddable":true,"href":"https:\/\/koff.swisspeace.ch\/apropos\/wp-json\/wp\/v2\/issue?post=823"}],"curies":[{"name":"wp","href":"https:\/\/api.w.org\/{rel}","templated":true}]}}