{"id":833,"date":"2023-02-23T16:36:55","date_gmt":"2023-02-23T16:36:55","guid":{"rendered":"https:\/\/koff.swisspeace.ch\/apropos\/?p=833"},"modified":"2023-02-24T09:53:27","modified_gmt":"2023-02-24T09:53:27","slug":"mit-dem-smartphone-die-klimakrise-bewaeltigen","status":"publish","type":"post","link":"https:\/\/koff.swisspeace.ch\/apropos\/833\/mit-dem-smartphone-die-klimakrise-bewaeltigen\/","title":{"rendered":"Mit dem Smartphone die Klimakrise bew\u00e4ltigen"},"content":{"rendered":"\n<p><\/p>\n\n\n\n<p>Im Umgang mit dem Klimawandel ist Innovation und Eigenst\u00e4ndigkeit gefragt: SWISSAID hat mit B\u00e4uer:innen in Ecuador, Kolumbien und Nicaragua ein Projekt lanciert, das auf einer digitalen App basiert. Beim \u00abAgroecological-Adaptation-Labs\u00bb, kurz \u00abAeD-LABs\u00bb, tauschen sich die B\u00e4uer:innen via App oder Messenger-Dienst \u00fcber ihre Anbauweisen und Innovationen aus. Ziel ist die St\u00e4rkung der Widerstandsf\u00e4higkeit gegen schleichende klimatische Ver\u00e4nderungen und Wetterextreme.<br>Die B\u00e4uer:innen messen etwa mit einfachsten Methoden Niederschlag, Temperatur, Luftfeuchtigkeit und Bodenbeschaffenheit, um den Wasserverbrauch jeder Pflanze zu berechnen. So kann das sp\u00e4rlich vorhandene Wasser optimal eingesetzt werden.<br>Durch Agrar\u00f6kologie tragen die B\u00e4uer:innen mithilfe von SWISSAID dazu bei, die Ern\u00e4hrungssicherheit zu verbessern, die Biodiversit\u00e4t zu erhalten und die Widerstandsf\u00e4higkeit gegen den Klimawandel zu f\u00f6rdern.<\/p>\n","protected":false},"excerpt":{"rendered":"<p>Im Umgang mit dem Klimawandel ist Innovation und Eigenst\u00e4ndigkeit gefragt: SWISSAID hat mit B\u00e4uer:innen in Ecuador, Kolumbien und Nicaragua ein Projekt lanciert, das auf einer digitalen App basiert. Beim \u00abAgroecological-Adaptation-Labs\u00bb, kurz \u00abAeD-LABs\u00bb, tauschen sich die B\u00e4uer:innen via App oder Messenger-Dienst \u00fcber ihre Anbauweisen und Innovationen aus. Ziel ist die St\u00e4rkung der Widerstandsf\u00e4higkeit gegen schleichende klimatische <a href=\"https:\/\/koff.swisspeace.ch\/apropos\/833\/mit-dem-smartphone-die-klimakrise-bewaeltigen\/\" class=\"more-link\">&#8230;<span class=\"screen-reader-text\">  Mit dem Smartphone die Klimakrise bew\u00e4ltigen<\/span><\/a><\/p>\n","protected":false},"author":3,"featured_media":827,"comment_status":"open","ping_status":"open","sticky":false,"template":"","format":"standard","meta":{"advgb_blocks_editor_width":"","advgb_blocks_columns_visual_guide":""},"categories":[71],"tags":[],"issue":[133],"acf":[],"author_meta":{"display_name":"\u00e0 propos","author_link":"https:\/\/koff.swisspeace.ch\/apropos\/author\/apropos\/"},"featured_img":"https:\/\/koff.swisspeace.ch\/apropos\/wp-content\/uploads\/2023\/02\/swissaidNews179-600x332.png","coauthors":[],"tax_additional":{"categories":{"linked":["<a href=\"https:\/\/koff.swisspeace.ch\/apropos\/category\/news-de\/\" class=\"advgb-post-tax-term\">Aktuell<\/a>"],"unlinked":["<span class=\"advgb-post-tax-term\">Aktuell<\/span>"]}},"comment_count":0,"relative_dates":{"created":"Posted 4 years ago","modified":"Updated 4 years ago"},"absolute_dates":{"created":"Posted on February 23, 2023","modified":"Updated on February 24, 2023"},"absolute_dates_time":{"created":"Posted on February 23, 2023 4:36 pm","modified":"Updated on February 24, 2023 9:53 am"},"featured_img_caption":"","series_order":null,"_links":{"self":[{"href":"https:\/\/koff.swisspeace.ch\/apropos\/wp-json\/wp\/v2\/posts\/833"}],"collection":[{"href":"https:\/\/koff.swisspeace.ch\/apropos\/wp-json\/wp\/v2\/posts"}],"about":[{"href":"https:\/\/koff.swisspeace.ch\/apropos\/wp-json\/wp\/v2\/types\/post"}],"author":[{"embeddable":true,"href":"https:\/\/koff.swisspeace.ch\/apropos\/wp-json\/wp\/v2\/users\/3"}],"replies":[{"embeddable":true,"href":"https:\/\/koff.swisspeace.ch\/apropos\/wp-json\/wp\/v2\/comments?post=833"}],"version-history":[{"count":4,"href":"https:\/\/koff.swisspeace.ch\/apropos\/wp-json\/wp\/v2\/posts\/833\/revisions"}],"predecessor-version":[{"id":1123,"href":"https:\/\/koff.swisspeace.ch\/apropos\/wp-json\/wp\/v2\/posts\/833\/revisions\/1123"}],"wp:featuredmedia":[{"embeddable":true,"href":"https:\/\/koff.swisspeace.ch\/apropos\/wp-json\/wp\/v2\/media\/827"}],"wp:attachment":[{"href":"https:\/\/koff.swisspeace.ch\/apropos\/wp-json\/wp\/v2\/media?parent=833"}],"wp:term":[{"taxonomy":"category","embeddable":true,"href":"https:\/\/koff.swisspeace.ch\/apropos\/wp-json\/wp\/v2\/categories?post=833"},{"taxonomy":"post_tag","embeddable":true,"href":"https:\/\/koff.swisspeace.ch\/apropos\/wp-json\/wp\/v2\/tags?post=833"},{"taxonomy":"issue","embeddable":true,"href":"https:\/\/koff.swisspeace.ch\/apropos\/wp-json\/wp\/v2\/issue?post=833"}],"curies":[{"name":"wp","href":"https:\/\/api.w.org\/{rel}","templated":true}]}}