{"id":836,"date":"2023-02-23T15:35:05","date_gmt":"2023-02-23T15:35:05","guid":{"rendered":"https:\/\/koff.swisspeace.ch\/apropos\/?p=836"},"modified":"2023-02-24T09:53:54","modified_gmt":"2023-02-24T09:53:54","slug":"un-smartphone-pour-affronter-la-crise-climatique","status":"publish","type":"post","link":"https:\/\/koff.swisspeace.ch\/apropos\/836\/un-smartphone-pour-affronter-la-crise-climatique\/","title":{"rendered":"Un smartphone pour affronter la crise climatique"},"content":{"rendered":"\n<p><\/p>\n\n\n\n<p>Pour faire face au changement climatique, il faut faire preuve d&#8217;innovation et d&#8217;autonomie : SWISSAID a lanc\u00e9 un projet bas\u00e9 sur une application num\u00e9rique avec les paysan\u00b7nes d&#8217;\u00c9quateur, de Colombie et du Nicaragua. Dans le cadre des &#8220;Agroecological-Adaptation-Labs&#8221;, ou &#8220;AeD-LABs&#8221;, les paysan<strong>\u00b7<\/strong>nes \u00e9changent des informations sur leurs m\u00e9thodes de cultivation et leurs innovations via une application ou un service de messagerie. L&#8217;objectif est de renforcer la r\u00e9sistance aux changements climatiques insidieux et aux conditions m\u00e9t\u00e9orologiques extr\u00eames. Les agriculteur\u00b7ices utilisent des m\u00e9thodes simples pour mesurer les pr\u00e9cipitations, la temp\u00e9rature, l&#8217;humidit\u00e9 de l&#8217;air et la nature du sol afin de calculer la consommation d&#8217;eau des plantes. Ainsi, l&#8217;eau disponible en quantit\u00e9 limit\u00e9e peut \u00eatre utilis\u00e9e de mani\u00e8re optimale. Gr\u00e2ce \u00e0 l&#8217;agro\u00e9cologie, les paysan\u00b7nes contribuent, avec l&#8217;aide de SWISSAID, \u00e0 am\u00e9liorer la s\u00e9curit\u00e9 alimentaire, \u00e0 pr\u00e9server la biodiversit\u00e9 et \u00e0 promouvoir la r\u00e9sistance au changement climatique.<\/p>\n\n\n\n<p><\/p>\n\n\n\n<p><\/p>\n\n\n\n<p><\/p>\n\n\n\n<p><\/p>\n\n\n\n<p><\/p>\n\n\n\n<p><\/p>\n","protected":false},"excerpt":{"rendered":"<p>Pour faire face au changement climatique, il faut faire preuve d&#8217;innovation et d&#8217;autonomie : SWISSAID a lanc\u00e9 un projet bas\u00e9 sur une application num\u00e9rique avec les paysan\u00b7nes d&#8217;\u00c9quateur, de Colombie et du Nicaragua. Dans le cadre des &#8220;Agroecological-Adaptation-Labs&#8221;, ou &#8220;AeD-LABs&#8221;, les paysan\u00b7nes \u00e9changent des informations sur leurs m\u00e9thodes de cultivation et leurs innovations via une <a href=\"https:\/\/koff.swisspeace.ch\/apropos\/836\/un-smartphone-pour-affronter-la-crise-climatique\/\" class=\"more-link\">&#8230;<span class=\"screen-reader-text\">  Un smartphone pour affronter la crise climatique<\/span><\/a><\/p>\n","protected":false},"author":3,"featured_media":827,"comment_status":"open","ping_status":"open","sticky":false,"template":"","format":"standard","meta":{"advgb_blocks_editor_width":"","advgb_blocks_columns_visual_guide":""},"categories":[99],"tags":[],"issue":[135],"acf":[],"author_meta":{"display_name":"\u00e0 propos","author_link":"https:\/\/koff.swisspeace.ch\/apropos\/author\/apropos\/"},"featured_img":"https:\/\/koff.swisspeace.ch\/apropos\/wp-content\/uploads\/2023\/02\/swissaidNews179-600x332.png","coauthors":[],"tax_additional":{"categories":{"linked":["<a href=\"https:\/\/koff.swisspeace.ch\/apropos\/category\/news-fr\/\" class=\"advgb-post-tax-term\">Actualit\u00e9<\/a>"],"unlinked":["<span class=\"advgb-post-tax-term\">Actualit\u00e9<\/span>"]}},"comment_count":0,"relative_dates":{"created":"Posted 4 years ago","modified":"Updated 4 years ago"},"absolute_dates":{"created":"Posted on February 23, 2023","modified":"Updated on February 24, 2023"},"absolute_dates_time":{"created":"Posted on February 23, 2023 3:35 pm","modified":"Updated on February 24, 2023 9:53 am"},"featured_img_caption":"","series_order":null,"_links":{"self":[{"href":"https:\/\/koff.swisspeace.ch\/apropos\/wp-json\/wp\/v2\/posts\/836"}],"collection":[{"href":"https:\/\/koff.swisspeace.ch\/apropos\/wp-json\/wp\/v2\/posts"}],"about":[{"href":"https:\/\/koff.swisspeace.ch\/apropos\/wp-json\/wp\/v2\/types\/post"}],"author":[{"embeddable":true,"href":"https:\/\/koff.swisspeace.ch\/apropos\/wp-json\/wp\/v2\/users\/3"}],"replies":[{"embeddable":true,"href":"https:\/\/koff.swisspeace.ch\/apropos\/wp-json\/wp\/v2\/comments?post=836"}],"version-history":[{"count":6,"href":"https:\/\/koff.swisspeace.ch\/apropos\/wp-json\/wp\/v2\/posts\/836\/revisions"}],"predecessor-version":[{"id":1051,"href":"https:\/\/koff.swisspeace.ch\/apropos\/wp-json\/wp\/v2\/posts\/836\/revisions\/1051"}],"wp:featuredmedia":[{"embeddable":true,"href":"https:\/\/koff.swisspeace.ch\/apropos\/wp-json\/wp\/v2\/media\/827"}],"wp:attachment":[{"href":"https:\/\/koff.swisspeace.ch\/apropos\/wp-json\/wp\/v2\/media?parent=836"}],"wp:term":[{"taxonomy":"category","embeddable":true,"href":"https:\/\/koff.swisspeace.ch\/apropos\/wp-json\/wp\/v2\/categories?post=836"},{"taxonomy":"post_tag","embeddable":true,"href":"https:\/\/koff.swisspeace.ch\/apropos\/wp-json\/wp\/v2\/tags?post=836"},{"taxonomy":"issue","embeddable":true,"href":"https:\/\/koff.swisspeace.ch\/apropos\/wp-json\/wp\/v2\/issue?post=836"}],"curies":[{"name":"wp","href":"https:\/\/api.w.org\/{rel}","templated":true}]}}