{"id":848,"date":"2023-02-23T15:33:13","date_gmt":"2023-02-23T15:33:13","guid":{"rendered":"https:\/\/koff.swisspeace.ch\/apropos\/?p=848"},"modified":"2023-02-24T09:53:54","modified_gmt":"2023-02-24T09:53:54","slug":"candidatez-pour-une-bourse-de-la-fondation-rotary-pour-la-paix","status":"publish","type":"post","link":"https:\/\/koff.swisspeace.ch\/apropos\/848\/candidatez-pour-une-bourse-de-la-fondation-rotary-pour-la-paix\/","title":{"rendered":"Candidatez pour une bourse de la fondation Rotary pour la paix!"},"content":{"rendered":"\n<p>La Fondation Rotary accepte d\u00e9sormais les candidatures pour la bourse 2024 enti\u00e8rement financ\u00e9e par les Centres du Rotary pour la paix. Jusqu&#8217;\u00e0 90 leaders de la paix et du d\u00e9veloppement seront s\u00e9lectionn\u00e9\u00b7es dans le monde entier pour suivre un programme de master ou de troisi\u00e8me cycle sur la paix et les conflits dans l&#8217;un de nos Centres du Rotary pour la paix situ\u00e9s dans des universit\u00e9s de renom \u00e0 travers le monde. D\u00e9posez votre candidature avant le 15 mai. <\/p>\n","protected":false},"excerpt":{"rendered":"<p>La Fondation Rotary accepte d\u00e9sormais les candidatures pour la bourse 2024 enti\u00e8rement financ\u00e9e par les Centres du Rotary pour la paix. Jusqu&#8217;\u00e0 90 leaders de la paix et du d\u00e9veloppement seront s\u00e9lectionn\u00e9\u00b7es dans le monde entier pour suivre un programme de master ou de troisi\u00e8me cycle sur la paix et les conflits dans l&#8217;un de <a href=\"https:\/\/koff.swisspeace.ch\/apropos\/848\/candidatez-pour-une-bourse-de-la-fondation-rotary-pour-la-paix\/\" class=\"more-link\">&#8230;<span class=\"screen-reader-text\">  Candidatez pour une bourse de la fondation Rotary pour la paix!<\/span><\/a><\/p>\n","protected":false},"author":3,"featured_media":840,"comment_status":"open","ping_status":"open","sticky":false,"template":"","format":"standard","meta":{"advgb_blocks_editor_width":"","advgb_blocks_columns_visual_guide":""},"categories":[99],"tags":[],"issue":[135],"acf":[],"author_meta":{"display_name":"\u00e0 propos","author_link":"https:\/\/koff.swisspeace.ch\/apropos\/author\/apropos\/"},"featured_img":"https:\/\/koff.swisspeace.ch\/apropos\/wp-content\/uploads\/2023\/02\/Rotary-600x338.png","coauthors":[],"tax_additional":{"categories":{"linked":["<a href=\"https:\/\/koff.swisspeace.ch\/apropos\/category\/news-fr\/\" class=\"advgb-post-tax-term\">Actualit\u00e9<\/a>"],"unlinked":["<span class=\"advgb-post-tax-term\">Actualit\u00e9<\/span>"]}},"comment_count":0,"relative_dates":{"created":"Posted 4 years ago","modified":"Updated 4 years ago"},"absolute_dates":{"created":"Posted on February 23, 2023","modified":"Updated on February 24, 2023"},"absolute_dates_time":{"created":"Posted on February 23, 2023 3:33 pm","modified":"Updated on February 24, 2023 9:53 am"},"featured_img_caption":"","series_order":null,"_links":{"self":[{"href":"https:\/\/koff.swisspeace.ch\/apropos\/wp-json\/wp\/v2\/posts\/848"}],"collection":[{"href":"https:\/\/koff.swisspeace.ch\/apropos\/wp-json\/wp\/v2\/posts"}],"about":[{"href":"https:\/\/koff.swisspeace.ch\/apropos\/wp-json\/wp\/v2\/types\/post"}],"author":[{"embeddable":true,"href":"https:\/\/koff.swisspeace.ch\/apropos\/wp-json\/wp\/v2\/users\/3"}],"replies":[{"embeddable":true,"href":"https:\/\/koff.swisspeace.ch\/apropos\/wp-json\/wp\/v2\/comments?post=848"}],"version-history":[{"count":5,"href":"https:\/\/koff.swisspeace.ch\/apropos\/wp-json\/wp\/v2\/posts\/848\/revisions"}],"predecessor-version":[{"id":1047,"href":"https:\/\/koff.swisspeace.ch\/apropos\/wp-json\/wp\/v2\/posts\/848\/revisions\/1047"}],"wp:featuredmedia":[{"embeddable":true,"href":"https:\/\/koff.swisspeace.ch\/apropos\/wp-json\/wp\/v2\/media\/840"}],"wp:attachment":[{"href":"https:\/\/koff.swisspeace.ch\/apropos\/wp-json\/wp\/v2\/media?parent=848"}],"wp:term":[{"taxonomy":"category","embeddable":true,"href":"https:\/\/koff.swisspeace.ch\/apropos\/wp-json\/wp\/v2\/categories?post=848"},{"taxonomy":"post_tag","embeddable":true,"href":"https:\/\/koff.swisspeace.ch\/apropos\/wp-json\/wp\/v2\/tags?post=848"},{"taxonomy":"issue","embeddable":true,"href":"https:\/\/koff.swisspeace.ch\/apropos\/wp-json\/wp\/v2\/issue?post=848"}],"curies":[{"name":"wp","href":"https:\/\/api.w.org\/{rel}","templated":true}]}}