{"id":857,"date":"2023-02-23T16:36:55","date_gmt":"2023-02-23T16:36:55","guid":{"rendered":"https:\/\/koff.swisspeace.ch\/apropos\/?p=857"},"modified":"2023-02-24T09:53:26","modified_gmt":"2023-02-24T09:53:26","slug":"events","status":"publish","type":"post","link":"https:\/\/koff.swisspeace.ch\/apropos\/857\/events\/","title":{"rendered":"Events"},"content":{"rendered":"\n<h2>Treffen &#8211; Sicherheit neu denken<\/h2>\n\n\n\n<p><strong>Schweizerischer Friedensrat<\/strong><\/p>\n\n\n\n<p><strong>4.03.2023, 10.15-15.15 Uhr in der Gartenhofstr. 7, 8004 Z\u00fcrich<\/strong><\/p>\n\n\n\n<p>Der Zusammenbruch der europ\u00e4ischen Nachkriegsordnung durch den Angriffskrieg gegen die Ukraine hat viele Fragen zu einer k\u00fcnftigen Sicherheits- und Friedenspolitik der Schweiz aufgeworfen. Sind beispielsweise Abr\u00fcstungsfragen obsolet oder erst recht entscheidend geworden? Braucht es ganz neue Ans\u00e4tze f\u00fcr eine langfristige Friedenspolitik? Der Schweizerische Friedensrat m\u00f6chte diese Fragen, ausgehend von einem bundesdeutschen Vorstoss, der ein Szenario von einer milit\u00e4rischen zu einer zivilen Sicherheitspolitik entwickelt hat, f\u00fcr die Schweiz diskutieren und eine entsprechende Konzeption erarbeiten. Am 21. Januar 2023 haben sich verschiedene Personen aus Friedensorganisationen erstmals in Z\u00fcrich getroffen, die f\u00fcr weitere Interessierte offensteht. Wer Lust hat, Sicherheit neu zu denken und sich daf\u00fcr zu engagieren, sei es in der Arbeitsgruppe oder korrespondierend beim Mitdenken, melde sich bei info@friedensrat.ch. Wir halten Sie gerne per Mail \u00fcber unsere Arbeit auf dem Laufenden oder laden Sie herzlich zu unserer n\u00e4chsten Zusammenkunft am Samstag, 4. M\u00e4rz in Z\u00fcrich ein.<\/p>\n\n\n\n<p><\/p>\n\n\n\n<h2>Mission und Koloniale Gewalt im Ersten Weltkrieg<\/h2>\n\n\n\n<p><strong>Mission 21<\/strong><\/p>\n\n\n\n<p>16.03.2023, 12.15-13.30 Uhr (online\/Zoom)<\/p>\n\n\n\n<p>Mission 21 setzt die kritische Aufarbeitung der Verflechtungsgeschichte von Mission und Kolonialismus fort. In der Reihe \u201eMission \u2013 Colonialism Revisited\u201c wird am 16. M\u00e4rz der Konflikt zwischen dem Britischen Empire und der Basler Mission in Hongkong w\u00e4hrend des Ersten Weltkriegs beleuchtet.<\/p>\n\n\n\n<p>Die Basler Mission war seit 1847 in der Kronkolonie t\u00e4tig. Mit dem Krieg wurde sie aber offiziell als Feindin des Britischen Empires eingestuft und aus Hongkong ausgewiesen. Die Missionare wurden interniert und Besitz und Verm\u00f6gen der Mission von den Beh\u00f6rden beschlagnahmt.<\/p>\n\n\n\n<p>Die Historikerin Iris Leung Chui-wa referiert \u00fcber die Gr\u00fcnde f\u00fcr die aggressive Politik der Kolonialregierung und \u00fcber die Wirkung auf den Unabh\u00e4ngigkeitsprozess der chinesischen Kirchen. Moderation: Claudia Buess, Leiterin Bildungsveranstaltungen bei Mission 21.<\/p>\n\n\n\n<p><a href=\"http:\/\/www.mission-21.org\/agenda\" target=\"_blank\" rel=\"noreferrer noopener\">Weitere Informationen<\/a><\/p>\n\n\n\n<h2>GSoA Koordinationstreffen <\/h2>\n\n\n\n<p><\/p>\n\n\n\n<p>18.03.2023, 10:30-13:30 Uhr in der Breitenrainstrasse 59 3013 Bern<\/p>\n\n\n\n<p>Einmal pro Monat trifft sich die Koordination der GSoA. An diesen Sitzungen werden die wesentlichen Entscheide \u00fcber unsere Arbeit getroffen. Die Sitzungen sind \u00f6ffentlich und Neuinteressierte herzlich willkommen.<\/p>\n\n\n\n<h2>Das Forum f\u00fcr Friedenskultur erh\u00e4lt den Friedensstab f\u00fcr die 6. Friedenskonferenz<\/h2>\n\n\n\n<p><\/p>\n\n\n\n<p>F\u00fcr 2023 hat das Forum f\u00fcr Friedenskultur den Friedensstab erhalten und organisiert die Friedenskonferenz im Vorfeld des Ilanzer Sommers am 8. und 9. August 2023 im Kloster Ilanz. Mit dem Ansatz \u00abSicherheit neu denken\u00bb stehen Fragen nach einer zuk\u00fcnftigen Friedens- und Sicherheitspolitik im Zentrum.<\/p>\n\n\n\n<p>Um was f\u00fcr eine Friedenskonferenz handelt es sich? Zwischen dem Ersten und Zweiten Weltkrieg fanden in der Schweiz verschiedene Friedenskonferenzen statt. 1919 traf sich die internationale Frauenliga zum Friedenskongress in Z\u00fcrich. Hundert Jahre sp\u00e4ter, 2019, wurde diese Konferenz von Friedensorganisationen in Z\u00fcrich historisch nachinszeniert mit \u00fcber 170 Teilnehmer:innen aus 22 L\u00e4ndern. Die Forderungen von 1919 wurden diskutiert und aktualisiert. Die beteiligten Organisationen haben ausserdem einen Friedensstab geschaffen. Dieser Holzstab wird seit der Konferenz 2019 j\u00e4hrlich an eine Friedensorganisation weitergereicht. Dieselbe \u00fcbernimmt die Organisation der Friedenskonferenz.<\/p>\n\n\n\n<p><a href=\"http:\/\/www.forumfriedenskultur.ch\" target=\"_blank\" rel=\"noreferrer noopener\">Weitere Informationen <\/a><\/p>\n\n\n\n<h2>Ilanzer Sommer 2023 \u2013 Zukunftswut \/ Zukuntsmut<\/h2>\n\n\n\n<p><\/p>\n\n\n\n<p><strong>Forum f\u00fcr Friedenskultur<\/strong><\/p>\n\n\n\n<p>9.-13.08.2023<\/p>\n\n\n\n<p>Der n\u00e4chste Ilanzer Sommer, das Friedenskultur-Festival in den Bergen, steht vor der T\u00fcr. Die dritte Ausgabe \u00abZukunftswut \/ Zukunftsmut\u00bb stellt sich aktuellen Fragen, etwa wie Sicherheit neu gedacht werden kann oder wie sich ziviler Widerstand lohnt. W\u00e4hrend mehrerer Tage treffen sich G\u00e4ste aus diversen gesellschaftlichen Bereichen, Kulturschaffende und Naturbegeisterte f\u00fcr Begegnung, Austausch und Bewegung in den Bergen.<br>Erste Highlights: Das an mehreren Tagen besuchbare Atelier \u00abLohnt sich Widerstand?\u00bb (Do-Sa) fokussiert auf Fallbeispiele und G\u00e4ste aus der Widerstandsbewegung sowie Konfliktforschung, darunter der Mediator Friedrich Glasl.<br>An mehreren Abenden findet im gem\u00fctlichen Arthouse-Kino Cinema Sil Plaz die gemeinsam mit der KOFF kuratierte Filmreihe Stad da Pasch statt.<br>Nicht nur auf Wanderungen, auch durch die Musik gibt es Gelegenheit in die Surselva einzutauchen: S\u00e4nger Mattiu (SRF 3 Best Talents, 2022) und der Chor kontra.cant geben im Konzert (13.8.) zu verstehen, wie Musik Menschen zusammenbringt und wie poetisch das R\u00e4toromanische ist.<\/p>\n\n\n\n<p><a href=\"http:\/\/www.ilanzersommer.ch\" target=\"_blank\" rel=\"noreferrer noopener\">Weitere Informationen<\/a><\/p>\n\n\n\n<h2>BILDUNGSAGENDA VON MISSION 21<\/h2>\n\n\n\n<p><\/p>\n\n\n\n<p>Mit der Bildungsagenda gibt Mission 21 eine kompakte \u00dcbersicht \u00fcber ihre zahlreichen Bildungsveranstaltungen und Kurse.<\/p>\n\n\n\n<p>Mission 21 ist digital unterwegs und erm\u00f6glicht so internationale Beteiligung von Interessierten und Fachleuten \u2013 sei es im Forum interreligi\u00f6se und transkulturelle Friedensf\u00f6rderung, sei es in den Webinaren \u00abMission-Colonialism Revisited\u00bb zur kritischen Aufarbeitung historischer Verflechtungen von Mission und Kolonialismus. Das Netzwerk young@mission21 er\u00f6ffnet jungen Erwachsenen bereichernde M\u00f6glichkeiten f\u00fcr Begegnungen und Weiterbildung. Im Fokus stehen der kulturelle Austausch und der Einsatz f\u00fcr eine gerechte Welt.<\/p>\n\n\n\n<p>In Basel bietet Mission 21 spannende Gespr\u00e4che, Einblicke in die Sch\u00e4tze des Forschungsarchivs von Basler Mission\/Mission 21 sowie neu mit \u201eWorld Arts\u201c musikalisch-poetische Entdeckungen aus aller Welt.<\/p>\n\n\n\n<p>Download der Bildungsagenda hier:<\/p>\n\n\n\n<figure class=\"wp-block-image size-full\"><img decoding=\"async\" width=\"216\" height=\"216\" src=\"https:\/\/koff.swisspeace.ch\/apropos\/wp-content\/uploads\/2023\/02\/grafik-1.png\" alt=\"\" class=\"wp-image-858\" srcset=\"https:\/\/koff.swisspeace.ch\/apropos\/wp-content\/uploads\/2023\/02\/grafik-1.png 216w, https:\/\/koff.swisspeace.ch\/apropos\/wp-content\/uploads\/2023\/02\/grafik-1-150x150.png 150w\" sizes=\"(max-width: 216px) 100vw, 216px\" \/><\/figure>\n","protected":false},"excerpt":{"rendered":"<p>Treffen &#8211; Sicherheit neu denken Schweizerischer Friedensrat 4.03.2023, 10.15-15.15 Uhr in der Gartenhofstr. 7, 8004 Z\u00fcrich Der Zusammenbruch der europ\u00e4ischen Nachkriegsordnung durch den Angriffskrieg gegen die Ukraine hat viele Fragen zu einer k\u00fcnftigen Sicherheits- und Friedenspolitik der Schweiz aufgeworfen. Sind beispielsweise Abr\u00fcstungsfragen obsolet oder erst recht entscheidend geworden? Braucht es ganz neue Ans\u00e4tze f\u00fcr eine <a href=\"https:\/\/koff.swisspeace.ch\/apropos\/857\/events\/\" class=\"more-link\">&#8230;<span class=\"screen-reader-text\">  Events<\/span><\/a><\/p>\n","protected":false},"author":3,"featured_media":392,"comment_status":"open","ping_status":"open","sticky":false,"template":"","format":"standard","meta":{"advgb_blocks_editor_width":"","advgb_blocks_columns_visual_guide":""},"categories":[93],"tags":[],"issue":[133],"acf":[],"author_meta":{"display_name":"\u00e0 propos","author_link":"https:\/\/koff.swisspeace.ch\/apropos\/author\/apropos\/"},"featured_img":"https:\/\/koff.swisspeace.ch\/apropos\/wp-content\/uploads\/2023\/01\/Bildschirmfoto-2023-01-03-um-11.57.47-e1672743726765-300x200.png","coauthors":[],"tax_additional":{"categories":{"linked":["<a href=\"https:\/\/koff.swisspeace.ch\/apropos\/category\/calendar-de\/\" class=\"advgb-post-tax-term\">Kalender<\/a>"],"unlinked":["<span class=\"advgb-post-tax-term\">Kalender<\/span>"]}},"comment_count":0,"relative_dates":{"created":"Posted 4 years ago","modified":"Updated 4 years ago"},"absolute_dates":{"created":"Posted on February 23, 2023","modified":"Updated on February 24, 2023"},"absolute_dates_time":{"created":"Posted on February 23, 2023 4:36 pm","modified":"Updated on February 24, 2023 9:53 am"},"featured_img_caption":"","series_order":null,"_links":{"self":[{"href":"https:\/\/koff.swisspeace.ch\/apropos\/wp-json\/wp\/v2\/posts\/857"}],"collection":[{"href":"https:\/\/koff.swisspeace.ch\/apropos\/wp-json\/wp\/v2\/posts"}],"about":[{"href":"https:\/\/koff.swisspeace.ch\/apropos\/wp-json\/wp\/v2\/types\/post"}],"author":[{"embeddable":true,"href":"https:\/\/koff.swisspeace.ch\/apropos\/wp-json\/wp\/v2\/users\/3"}],"replies":[{"embeddable":true,"href":"https:\/\/koff.swisspeace.ch\/apropos\/wp-json\/wp\/v2\/comments?post=857"}],"version-history":[{"count":8,"href":"https:\/\/koff.swisspeace.ch\/apropos\/wp-json\/wp\/v2\/posts\/857\/revisions"}],"predecessor-version":[{"id":1103,"href":"https:\/\/koff.swisspeace.ch\/apropos\/wp-json\/wp\/v2\/posts\/857\/revisions\/1103"}],"wp:featuredmedia":[{"embeddable":true,"href":"https:\/\/koff.swisspeace.ch\/apropos\/wp-json\/wp\/v2\/media\/392"}],"wp:attachment":[{"href":"https:\/\/koff.swisspeace.ch\/apropos\/wp-json\/wp\/v2\/media?parent=857"}],"wp:term":[{"taxonomy":"category","embeddable":true,"href":"https:\/\/koff.swisspeace.ch\/apropos\/wp-json\/wp\/v2\/categories?post=857"},{"taxonomy":"post_tag","embeddable":true,"href":"https:\/\/koff.swisspeace.ch\/apropos\/wp-json\/wp\/v2\/tags?post=857"},{"taxonomy":"issue","embeddable":true,"href":"https:\/\/koff.swisspeace.ch\/apropos\/wp-json\/wp\/v2\/issue?post=857"}],"curies":[{"name":"wp","href":"https:\/\/api.w.org\/{rel}","templated":true}]}}