{"id":862,"date":"2023-02-23T14:33:16","date_gmt":"2023-02-23T14:33:16","guid":{"rendered":"https:\/\/koff.swisspeace.ch\/apropos\/?p=862"},"modified":"2023-02-24T09:53:54","modified_gmt":"2023-02-24T09:53:54","slug":"evenements","status":"publish","type":"post","link":"https:\/\/koff.swisspeace.ch\/apropos\/862\/evenements\/","title":{"rendered":"\u00c9v\u00e9nements"},"content":{"rendered":"\n<h2>Conseil suisse pour la paix<\/h2>\n\n\n\n<p>4.03.2023, 10h15 &#8211; 15h15 \u00e0 Gartenhofstr. 7, 8004 Z\u00fcrich<\/p>\n\n\n\n<p>L&#8217;effondrement de l&#8217;ordre europ\u00e9en d&#8217;apr\u00e8s-guerre suite \u00e0 l&#8217;offensive contre l&#8217;Ukraine a soulev\u00e9 de nombreuses questions sur la future politique de s\u00e9curit\u00e9 et de paix de la Suisse. Par exemple, les questions de d\u00e9sarmement sont-elles devenues obsol\u00e8tes ou plus importantes ? Avons-nous besoin de nouvelles approches pour une politique de paix \u00e0 long terme ? Le Conseil suisse pour la paix souhaite discuter de ces questions, en se basant sur une proposition f\u00e9d\u00e9rale allemande qui a d\u00e9velopp\u00e9 un sc\u00e9nario de passage d&#8217;une politique de s\u00e9curit\u00e9 militaire \u00e0 une politique de s\u00e9curit\u00e9 civile, et un concept \u00e0 ce sujet. Le 21 janvier 2023, plusieurs personnes issues de la promotion de la paix se sont r\u00e9unies pour la premi\u00e8re fois \u00e0 Zurich. Si vous \u00eates aussi int\u00e9ress\u00e9<strong>\u00b7<\/strong>e \u00e0 repenser la s\u00e9curit\u00e9 et \u00e0 vous impliquer, soit dans le groupe de travail, soit en r\u00e9fl\u00e9chissant avec nous, veuillez contacter info@friedensrat.ch. Nous vous informerons volontiers de nos travaux par courrier ou vous inviterons \u00e0 notre prochaine rencontre le samedi 4 mars \u00e0 Zurich.<\/p>\n\n\n\n<h2>Mission Et Violence Coloniale Pendant La Premiere Guerre Mondiale<\/h2>\n\n\n\n<p><strong>Mission 21 <\/strong><\/p>\n\n\n\n<p><strong>16.03.2023<\/strong><\/p>\n\n\n\n<p>Mission 21 poursuit son travail critique sur les liens historiques entre la mission et le colonialisme. Dans la s\u00e9rie &#8220;Mission &#8211; Colonialism Revisited&#8221;, le conflit entre l&#8217;Empire britannique et la Mission de B\u00e2le \u00e0 Hong Kong pendant la Premi\u00e8re Guerre mondiale sera mis en lumi\u00e8re le 16 mars.<\/p>\n\n\n\n<p>La Mission de B\u00e2le \u00e9tait active dans la colonie de la Couronne depuis 1847. Mais avec la guerre, elle a \u00e9t\u00e9 officiellement class\u00e9e comme ennemie de l&#8217;Empire britannique et expuls\u00e9e de Hong Kong. Les missionnaires ont \u00e9t\u00e9 intern\u00e9<strong>\u00b7<\/strong>es et les biens\/la fortune de la mission ont \u00e9t\u00e9 confisqu\u00e9s par les autorit\u00e9s.<\/p>\n\n\n\n<p>L&#8217;historienne Iris Leung Chui-wa fait un expos\u00e9 sur les raisons de la politique agressive du gouvernement colonial et sur son impact sur le processus d&#8217;ind\u00e9pendance des \u00e9glises chinoises. Mod\u00e9ratrice : Claudia Buess, responsable des activit\u00e9s \u00e9ducatives de Mission 21.<\/p>\n\n\n\n<p><a href=\"http:\/\/www.mission-21.org\/agenda\" target=\"_blank\" rel=\"noreferrer noopener\">Plus d&#8217;informations<\/a><br><\/p>\n\n\n\n<h2>Reunion de coordination du GSsA<\/h2>\n\n\n\n<p><\/p>\n\n\n\n<p>18.03.2023, 10:30-13:30 \u00e0 Breitenrainstrasse, Berne<\/p>\n\n\n\n<p>La coordination du GSsA se r\u00e9unit une fois par mois afin de prendre les d\u00e9cisions essentielles concernant le travail de l&#8217;organisation. Les s\u00e9ances sont publiques et les nouveaux\u00b7elles int\u00e9ress\u00e9\u00b7es sont les bienvenu\u00b7es.<\/p>\n\n\n\n<h2>Forum F\u00fcr Friedenskultur re\u00e7oit le b\u00e2ton de la paix pour la sixi\u00e8me conf\u00e9rence pour la paix<\/h2>\n\n\n\n<p><\/p>\n\n\n\n<p>Le Forum f\u00fcr Friedenskultur a re\u00e7u le b\u00e2ton de la paix pour 2023 et organise la conf\u00e9rence de la paix en amont de l&#8217;\u00e9t\u00e9 d&#8217;Ilanz les 8 et 9 ao\u00fbt 2023 \u00e0 Kloster Ilanz. Avec l&#8217;approche &#8220;Repenser la s\u00e9curit\u00e9&#8221;, les questions concernant une nouvelle politique de paix et de s\u00e9curit\u00e9 seront au centre des discussions.<\/p>\n\n\n\n<p>De quelle conf\u00e9rence pour la paix parlons-nous ? Entre la premi\u00e8re et la deuxi\u00e8me guerre mondiale, diff\u00e9rentes conf\u00e9rences de paix ont eu lieu en Suisse. En 1919, la Ligue internationale des femmes s&#8217;est r\u00e9unie pour un congr\u00e8s pour la paix \u00e0 Zurich. Cent ans plus tard, en 2019, cette conf\u00e9rence historique a \u00e9t\u00e9 r\u00e9organis\u00e9e \u00e0 Zurich avec plus de 170 participant<strong>\u00b7<\/strong>es de 22 pays. La demande de 1919 a \u00e9t\u00e9 discut\u00e9e et mise \u00e0 jour et les organisations participantes ont cr\u00e9\u00e9 le b\u00e2ton de la paix. Depuis cette conf\u00e9rence, ce b\u00e2ton en bois est transmis chaque ann\u00e9e \u00e0 une organisation de promotion de la paix, qui est tenue d&#8217;organiser la conf\u00e9rence.<\/p>\n\n\n\n<p><a href=\"http:\/\/www.forumfriedenskultur.ch\" target=\"_blank\" rel=\"noreferrer noopener\">Plus d&#8217;informations<\/a><\/p>\n\n\n\n<h2>Ilanzer Sommer 2023 &#8211; Zukunftswut \/ Zukunftsmut<\/h2>\n\n\n\n<p><\/p>\n\n\n\n<p><strong>Forum f\u00fcr Friedens-kultur <\/strong><\/p>\n\n\n\n<p>9-13.08.2023 \u00e0 Ilanz<\/p>\n\n\n\n<p>Le prochain festival d&#8217;Ilanz pour une culture de paix aura lieu cet \u00e9t\u00e9. La troisi\u00e8me \u00e9dition &#8220;Zukunftswut \/ Zukunftsmut&#8221; ou &#8220;col\u00e8re du futur\/courage du futur&#8221; se penche sur des questions d&#8217;actualit\u00e9, comme la mani\u00e8re de repenser la s\u00e9curit\u00e9 ou l&#8217;int\u00e9r\u00eat de la r\u00e9sistance civile. Pendant plusieurs jours, des invit\u00e9\u00b7es issu\u00b7es de divers domaines de la soci\u00e9t\u00e9, des acteur\u00b7ices culturels et des passionn\u00e9\u00b7es de nature se retrouveront pour \u00e9changer et se d\u00e9penser dans les montagnes.<br>Les premiers temps forts : L&#8217;atelier &#8220;La r\u00e9sistance en vaut-elle la peine ?&#8221;, auquel on peut participer pendant plusieurs jours, est consacr\u00e9 \u00e0 l&#8217;histoire de la r\u00e9sistance. Il se focalise sur des \u00e9tudes de cas pr\u00e9sent\u00e9es par intervenant\u00b7es issu\u00b7es du mouvement de r\u00e9sistance ainsi que de la recherche sur les conflits, dont le m\u00e9diateur Friedrich Glasl.<br>Le soir, le cin\u00e9ma d&#8217;art et d&#8217;essai Cinema Sil Plaz accueillera la s\u00e9rie de films Stad da Pasch, organis\u00e9e en collaboration avec KOFF.<br>Il n&#8217;y a pas que les randonn\u00e9es qui donnent l&#8217;occasion de se plonger dans la Surselva, mais aussi la musique : le chanteur Mattiu (SRF 3 Best Talents, 2022) et le ch\u0153ur kontra.cant nous aideront \u00e0 comprendre, lors du concert (13.8.), comment la musique rassemble les gens et \u00e0 quel point le romanche est po\u00e9tique.<\/p>\n\n\n\n<p><a href=\"http:\/\/www.ilanzersommer.ch\" target=\"_blank\" rel=\"noreferrer noopener\">Plus d&#8217;informations<\/a><br><\/p>\n\n\n\n<h2>Agenda de formation de Mission 21<\/h2>\n\n\n\n<p><strong>Mission 21<\/strong><\/p>\n\n\n\n<p>Avec son agenda de formation, Mission 21 donne un aper\u00e7u de ses diverses \u00e9v\u00e9nements et formations.<\/p>\n\n\n\n<p>Mission 21 intensifie sa pr\u00e9sence num\u00e9rique et permet ainsi la participation internationale de personnes int\u00e9ress\u00e9es et de sp\u00e9cialistes \u00e0 ses \u00e9v\u00e9nements tels que le Forum interreligieux et transculturel pour la promotion de la paix ou les webinaires &#8220;Mission-Colonialism Revisited&#8221; sur les liens historiques entre Mission 21 et le colonialisme. Le r\u00e9seau young@mission21 ouvre aux jeunes adultes des possibilit\u00e9s enrichissantes de rencontres et de formation continue. L&#8217;accent est mis sur l&#8217;\u00e9change culturel et l&#8217;engagement pour un monde juste.<\/p>\n\n\n\n<p>A B\u00e2le, Mission 21 propose des discussions passionnantes, un aper\u00e7u des tr\u00e9sors des archives de recherche de la Basler Mission\/Mission 21 ainsi que des nouveaut\u00e9s, telles que des d\u00e9couvertes musicales et po\u00e9tiques du monde entier avec &#8220;World Arts&#8221;.<\/p>\n\n\n\n<p>T\u00e9l\u00e9charger l&#8217;agenda de formation ici : <\/p>\n\n\n\n<figure class=\"wp-block-image size-full\"><img decoding=\"async\" width=\"216\" height=\"216\" src=\"https:\/\/koff.swisspeace.ch\/apropos\/wp-content\/uploads\/2023\/02\/grafik-2.png\" alt=\"\" class=\"wp-image-863\" srcset=\"https:\/\/koff.swisspeace.ch\/apropos\/wp-content\/uploads\/2023\/02\/grafik-2.png 216w, https:\/\/koff.swisspeace.ch\/apropos\/wp-content\/uploads\/2023\/02\/grafik-2-150x150.png 150w\" sizes=\"(max-width: 216px) 100vw, 216px\" \/><\/figure>\n","protected":false},"excerpt":{"rendered":"<p>Conseil suisse pour la paix 4.03.2023, 10h15 &#8211; 15h15 \u00e0 Gartenhofstr. 7, 8004 Z\u00fcrich L&#8217;effondrement de l&#8217;ordre europ\u00e9en d&#8217;apr\u00e8s-guerre suite \u00e0 l&#8217;offensive contre l&#8217;Ukraine a soulev\u00e9 de nombreuses questions sur la future politique de s\u00e9curit\u00e9 et de paix de la Suisse. Par exemple, les questions de d\u00e9sarmement sont-elles devenues obsol\u00e8tes ou plus importantes ? Avons-nous <a href=\"https:\/\/koff.swisspeace.ch\/apropos\/862\/evenements\/\" class=\"more-link\">&#8230;<span class=\"screen-reader-text\">  \u00c9v\u00e9nements<\/span><\/a><\/p>\n","protected":false},"author":3,"featured_media":392,"comment_status":"open","ping_status":"open","sticky":false,"template":"","format":"standard","meta":{"advgb_blocks_editor_width":"","advgb_blocks_columns_visual_guide":""},"categories":[97],"tags":[],"issue":[135],"acf":[],"author_meta":{"display_name":"\u00e0 propos","author_link":"https:\/\/koff.swisspeace.ch\/apropos\/author\/apropos\/"},"featured_img":"https:\/\/koff.swisspeace.ch\/apropos\/wp-content\/uploads\/2023\/01\/Bildschirmfoto-2023-01-03-um-11.57.47-e1672743726765-300x200.png","coauthors":[],"tax_additional":{"categories":{"linked":["<a href=\"https:\/\/koff.swisspeace.ch\/apropos\/category\/calendar-fr\/\" class=\"advgb-post-tax-term\">Calendrier<\/a>"],"unlinked":["<span class=\"advgb-post-tax-term\">Calendrier<\/span>"]}},"comment_count":0,"relative_dates":{"created":"Posted 4 years ago","modified":"Updated 4 years ago"},"absolute_dates":{"created":"Posted on February 23, 2023","modified":"Updated on February 24, 2023"},"absolute_dates_time":{"created":"Posted on February 23, 2023 2:33 pm","modified":"Updated on February 24, 2023 9:53 am"},"featured_img_caption":"","series_order":null,"_links":{"self":[{"href":"https:\/\/koff.swisspeace.ch\/apropos\/wp-json\/wp\/v2\/posts\/862"}],"collection":[{"href":"https:\/\/koff.swisspeace.ch\/apropos\/wp-json\/wp\/v2\/posts"}],"about":[{"href":"https:\/\/koff.swisspeace.ch\/apropos\/wp-json\/wp\/v2\/types\/post"}],"author":[{"embeddable":true,"href":"https:\/\/koff.swisspeace.ch\/apropos\/wp-json\/wp\/v2\/users\/3"}],"replies":[{"embeddable":true,"href":"https:\/\/koff.swisspeace.ch\/apropos\/wp-json\/wp\/v2\/comments?post=862"}],"version-history":[{"count":7,"href":"https:\/\/koff.swisspeace.ch\/apropos\/wp-json\/wp\/v2\/posts\/862\/revisions"}],"predecessor-version":[{"id":1026,"href":"https:\/\/koff.swisspeace.ch\/apropos\/wp-json\/wp\/v2\/posts\/862\/revisions\/1026"}],"wp:featuredmedia":[{"embeddable":true,"href":"https:\/\/koff.swisspeace.ch\/apropos\/wp-json\/wp\/v2\/media\/392"}],"wp:attachment":[{"href":"https:\/\/koff.swisspeace.ch\/apropos\/wp-json\/wp\/v2\/media?parent=862"}],"wp:term":[{"taxonomy":"category","embeddable":true,"href":"https:\/\/koff.swisspeace.ch\/apropos\/wp-json\/wp\/v2\/categories?post=862"},{"taxonomy":"post_tag","embeddable":true,"href":"https:\/\/koff.swisspeace.ch\/apropos\/wp-json\/wp\/v2\/tags?post=862"},{"taxonomy":"issue","embeddable":true,"href":"https:\/\/koff.swisspeace.ch\/apropos\/wp-json\/wp\/v2\/issue?post=862"}],"curies":[{"name":"wp","href":"https:\/\/api.w.org\/{rel}","templated":true}]}}