{"id":891,"date":"2023-02-23T15:20:40","date_gmt":"2023-02-23T15:20:40","guid":{"rendered":"https:\/\/koff.swisspeace.ch\/apropos\/?p=891"},"modified":"2023-02-24T09:53:54","modified_gmt":"2023-02-24T09:53:54","slug":"une-guerre-en-guise-de-paix","status":"publish","type":"post","link":"https:\/\/koff.swisspeace.ch\/apropos\/891\/une-guerre-en-guise-de-paix\/","title":{"rendered":"Une guerre en guise de paix?"},"content":{"rendered":"\n<p><\/p>\n\n\n\n<p>Chaque vie compte. Chaque infrastructure d\u00e9truite et \u00e0 reconstruire est un frein au d\u00e9veloppement. Tant que nous nous servirons des guerres comme moyen de faire progresser la paix, nous perp\u00e9tuerons un cercle vicieux de violence plut\u00f4t qu&#8217;un cycle vertueux d\u2019humanit\u00e9 et d\u2019\u00e9panouissement. Pourtant, le droit et les structures internationales se renforcent actuellement en r\u00e9action \u00e0 la guerre.<\/p>\n\n\n\n<p>Les petits am\u00e8nent parfois les grands \u00e0 plus de raison et de pond\u00e9ration, ou du moins permettent de mieux les surveiller. Par exemple, le Liechtenstein a obtenu une r\u00e9solution qui exige que tout v\u00e9to du Conseil de S\u00e9curit\u00e9 soit suivi d\u2019une discussion \u00e0 l\u2019Assembl\u00e9e G\u00e9n\u00e9rale. Ce changement aura son importance \u00e0 l\u2019avenir. Le Conseil de s\u00e9curit\u00e9 lui-m\u00eame a admis pour la premi\u00e8re fois depuis 40 ans son incomp\u00e9tence en raison d\u2019un v\u00e9to et confi\u00e9 le dossier ukrainien \u00e0 l\u2019Assembl\u00e9e G\u00e9n\u00e9rale. Il est souhaitable que cela se reproduise. Plus de 40 pays ont demand\u00e9 d\u2019urgence \u00e0 la Cour P\u00e9nale Internationale une enqu\u00eate pour crimes contre l\u2019humanit\u00e9 et crimes de guerre. Un jugement pour le crime d\u2019agression est aussi souhaitable et la Cour devrait \u00eatre saisie chaque fois qu\u2019une guerre se d\u00e9clenche. L\u2019Ukraine a obtenu, en quelques jours, un arr\u00eat de la Cour Internationale de Justice, non respect\u00e9 mais qui fera date, exigeant l\u2019arr\u00eat des hostilit\u00e9s. Les ONGs ont rappel\u00e9 au Conseil des Droits de l\u2019homme, citant la Charte des Nations Unies, l\u2019ill\u00e9galit\u00e9 de la guerre et la haute limitation des exceptions possibles. Elles ont vigoureusement rappel\u00e9 le droit \u00e0 l\u2019objection de conscience, et m\u00eame le droit \u00e0 la d\u00e9sertion face \u00e0 une guerre ill\u00e9gale. Elles ont \u00e9galement rappel\u00e9 le r\u00f4le des personnes pratiquant la non-violence dans le cade du conflit \u2013 elles sont nombreuses\u00a0! \u2013, ainsi que la protection et l\u2019attention qui leurs sont n\u00e9cessaires. Enfin, et ce n\u2019est pas le moins important, les ONGs demandent le renforcement du financement, et donc de l\u2019effet pr\u00e9ventif de la paix.<\/p>\n\n\n\n<p>Et localement\u00a0? L\u2019\u00e9lan de solidarit\u00e9 en Suisse est particuli\u00e8rement \u00e9difiant. Dans mon district, l&#8217;arriv\u00e9e des r\u00e9fugi\u00e9<strong>\u00b7<\/strong>es a fait augmenter la population de 5%. L\u2019accueil est g\u00e9n\u00e9reux, des groupes de solidarit\u00e9 se cr\u00e9ent pour le logement, le travail, les cours de langues et les transports, l\u2019acc\u00e8s \u00e0 la culture et \u00e0 l\u2019administration. Le statut de r\u00e9fugi\u00e9 prend une autre dimension, n\u00e9cessaire. Mais surtout, des groupes de paroles se mettent en place pour parler de la paix, des besoins actuels et de l\u2019int\u00e9gration, de la r\u00e9silience et de la reconstruction.<\/p>\n\n\n\n<p>\u00c0 long terme, c\u2019est de cela dont nous avons besoin\u00a0: que chacune et chacun, modeste ou influent<strong>\u00b7<\/strong>e, se responsabilise pour faire progresser la paix, pour renforcer sa connaissance et en comprendre le besoin, pour faire progresser les moyens dont nous disposons pour la faire pr\u00e9valoir.<\/p>\n\n\n\n<p>Participez&nbsp;!<\/p>\n\n\n\n<p><\/p>\n","protected":false},"excerpt":{"rendered":"<p>Chaque vie compte. Chaque infrastructure d\u00e9truite et \u00e0 reconstruire est un frein au d\u00e9veloppement. Tant que nous nous servirons des guerres comme moyen de faire progresser la paix, nous perp\u00e9tuerons un cercle vicieux de violence plut\u00f4t qu&#8217;un cycle vertueux d\u2019humanit\u00e9 et d\u2019\u00e9panouissement. Pourtant, le droit et les structures internationales se renforcent actuellement en r\u00e9action \u00e0 <a href=\"https:\/\/koff.swisspeace.ch\/apropos\/891\/une-guerre-en-guise-de-paix\/\" class=\"more-link\">&#8230;<span class=\"screen-reader-text\">  Une guerre en guise de paix?<\/span><\/a><\/p>\n","protected":false},"author":3,"featured_media":885,"comment_status":"open","ping_status":"open","sticky":false,"template":"","format":"standard","meta":{"advgb_blocks_editor_width":"","advgb_blocks_columns_visual_guide":""},"categories":[117],"tags":[],"issue":[135],"acf":[],"author_meta":{"display_name":"\u00e0 propos","author_link":"https:\/\/koff.swisspeace.ch\/apropos\/author\/apropos\/"},"featured_img":"https:\/\/koff.swisspeace.ch\/apropos\/wp-content\/uploads\/2023\/02\/APRED179-600x332.png","coauthors":[],"tax_additional":{"categories":{"linked":["<a href=\"https:\/\/koff.swisspeace.ch\/apropos\/category\/indepth-fr\/\" class=\"advgb-post-tax-term\">Pour aller plus loin<\/a>"],"unlinked":["<span class=\"advgb-post-tax-term\">Pour aller plus loin<\/span>"]}},"comment_count":0,"relative_dates":{"created":"Posted 4 years ago","modified":"Updated 4 years ago"},"absolute_dates":{"created":"Posted on February 23, 2023","modified":"Updated on February 24, 2023"},"absolute_dates_time":{"created":"Posted on February 23, 2023 3:20 pm","modified":"Updated on February 24, 2023 9:53 am"},"featured_img_caption":"","series_order":null,"_links":{"self":[{"href":"https:\/\/koff.swisspeace.ch\/apropos\/wp-json\/wp\/v2\/posts\/891"}],"collection":[{"href":"https:\/\/koff.swisspeace.ch\/apropos\/wp-json\/wp\/v2\/posts"}],"about":[{"href":"https:\/\/koff.swisspeace.ch\/apropos\/wp-json\/wp\/v2\/types\/post"}],"author":[{"embeddable":true,"href":"https:\/\/koff.swisspeace.ch\/apropos\/wp-json\/wp\/v2\/users\/3"}],"replies":[{"embeddable":true,"href":"https:\/\/koff.swisspeace.ch\/apropos\/wp-json\/wp\/v2\/comments?post=891"}],"version-history":[{"count":5,"href":"https:\/\/koff.swisspeace.ch\/apropos\/wp-json\/wp\/v2\/posts\/891\/revisions"}],"predecessor-version":[{"id":1044,"href":"https:\/\/koff.swisspeace.ch\/apropos\/wp-json\/wp\/v2\/posts\/891\/revisions\/1044"}],"wp:featuredmedia":[{"embeddable":true,"href":"https:\/\/koff.swisspeace.ch\/apropos\/wp-json\/wp\/v2\/media\/885"}],"wp:attachment":[{"href":"https:\/\/koff.swisspeace.ch\/apropos\/wp-json\/wp\/v2\/media?parent=891"}],"wp:term":[{"taxonomy":"category","embeddable":true,"href":"https:\/\/koff.swisspeace.ch\/apropos\/wp-json\/wp\/v2\/categories?post=891"},{"taxonomy":"post_tag","embeddable":true,"href":"https:\/\/koff.swisspeace.ch\/apropos\/wp-json\/wp\/v2\/tags?post=891"},{"taxonomy":"issue","embeddable":true,"href":"https:\/\/koff.swisspeace.ch\/apropos\/wp-json\/wp\/v2\/issue?post=891"}],"curies":[{"name":"wp","href":"https:\/\/api.w.org\/{rel}","templated":true}]}}