{"id":897,"date":"2023-02-23T16:36:55","date_gmt":"2023-02-23T16:36:55","guid":{"rendered":"https:\/\/koff.swisspeace.ch\/apropos\/?p=897"},"modified":"2023-02-24T09:53:26","modified_gmt":"2023-02-24T09:53:26","slug":"ein-krieg-als-beitrag-fuer-den-frieden","status":"publish","type":"post","link":"https:\/\/koff.swisspeace.ch\/apropos\/897\/ein-krieg-als-beitrag-fuer-den-frieden\/","title":{"rendered":"Ein Krieg als Weg zum Frieden?"},"content":{"rendered":"\n<p><\/p>\n\n\n\n<p>Jedes Leben z\u00e4hlt. Jede Infrastruktur, die zerst\u00f6rt wird und wieder aufgebaut werden muss, bremst die Entwicklung. Solange wir Kriege als Mittel f\u00fcr die Friedensf\u00f6rderung nutzen, befeuern wir st\u00e4ndig einen Teufelskreis der Gewalt statt eines positiven Kreislaufs aus Menschlichkeit und Wohlgedeihen. Dennoch wird auf den Krieg mit einer St\u00e4rkung des internationalen Rechts und der internationalen Strukturen reagiert.<\/p>\n\n\n\n<p>Manchmal gelingt es den Kleinen, die Grossen zu mehr Vernunft und Besonnenheit zu bringen \u2013 oder sie zumindest besser zu \u00fcberwachen. So hat Liechtenstein beispielsweise eine Resolution erwirkt, die verlangt, dass ein Veto im UNO-Sicherheitsrat in einer Diskussion in der Generalversammlung er\u00f6rtert werden muss. Eine Entwicklung mit Auswirkungen f\u00fcr die Zukunft. Der Sicherheitsrat ist zum ersten Mal seit 40 Jahren aufgrund eines Vetos von seiner Zust\u00e4ndigkeit zur\u00fcckgetreten und hat das Ukraine-Dossier an die Generalversammlung abgegeben. Weitere solche Entwicklungen w\u00e4ren w\u00fcnschenswert. Mehr als 40 L\u00e4nder haben den Internationalen Strafgerichtshof dringlich um eine Ermittlung aufgrund von Verbrechen gegen die Menschlichkeit und Kriegsverbrechen ersucht. Auch ein Urteil zum Verbrechen der Aggression w\u00e4re w\u00fcnschenswert, genauso wie das Vorgehen, dass der Gerichtshof bei jedem Kriegsausbruch aktiv wird. Innerhalb weniger Tage erwirkte die Ukraine ein nicht umgesetztes, aber bahnbrechendes Urteil des Internationalen Gerichtshofs \u00fcber die unverz\u00fcgliche Einstellung der Feindseligkeiten. Die NGOs haben den Menschenrechtsrat unter Berufung auf die Charta der Vereinten Nationen daran erinnert, dass Krieg illegal ist und Ausnahmen von dieser Regel stark begrenzt sind. Besonders hervorgehoben haben sie das Recht auf Wehrdienstverweigerung aus Gewissensgr\u00fcnden sowie das Recht auf Fahnenflucht in einem illegalen Krieg. Zudem wiesen sie auf die Rolle von Personen hin, die in einem Konflikt gewaltfrei agieren \u2013 und davon gibt es viele! \u2013, und darauf, dass diese Personen Schutz und Unterst\u00fctzung brauchen. Und zu guter Letzt verlangten die NGOs eine verst\u00e4rkte Finanzierung des Friedens und damit auch seiner Pr\u00e4ventionswirkung.<\/p>\n\n\n\n<p>Aus lokaler Sicht ist die Solidarit\u00e4tsbereitschaft in der Schweiz besonders erbaulich. Mein Bezirk ist mit Ankunft der Fl\u00fcchtlinge um f\u00fcnf\u00a0Prozent gewachsen. Sie werden herzlich empfangen und es entstehen solidarische Gruppen f\u00fcr alle Bereiche wie Unterkunft, Arbeit, Sprachkurse, Transport, Zugang zu Kultur und Beh\u00f6rden. Der Fl\u00fcchtlingsstatus nimmt eine andere, gewichtige Dimension an. Vor allem aber entstehen Gespr\u00e4chsgruppen, in denen \u00fcber Frieden, aktuelle Bed\u00fcrfnisse und Integration sowie Resilienz und Wiederaufbau gesprochen wird.<\/p>\n\n\n\n<p>Auf lange Sicht brauchen wir genau das: Alle, ob bescheiden oder einflussreich, m\u00fcssen die Verantwortung f\u00fcr das Voranbringen des Friedens \u00fcbernehmen, ihr Wissen vergr\u00f6ssern und den Bedarf daf\u00fcr sehen. Nur so k\u00f6nnen wir die Mittel, die wir schon haben, weiterentwickeln und Frieden erlangen.<\/p>\n\n\n\n<p>Seien Sie dabei!<\/p>\n","protected":false},"excerpt":{"rendered":"<p>Jedes Leben z\u00e4hlt. Jede Infrastruktur, die zerst\u00f6rt wird und wieder aufgebaut werden muss, bremst die Entwicklung. Solange wir Kriege als Mittel f\u00fcr die Friedensf\u00f6rderung nutzen, befeuern wir st\u00e4ndig einen Teufelskreis der Gewalt statt eines positiven Kreislaufs aus Menschlichkeit und Wohlgedeihen. Dennoch wird auf den Krieg mit einer St\u00e4rkung des internationalen Rechts und der internationalen Strukturen <a href=\"https:\/\/koff.swisspeace.ch\/apropos\/897\/ein-krieg-als-beitrag-fuer-den-frieden\/\" class=\"more-link\">&#8230;<span class=\"screen-reader-text\">  Ein Krieg als Weg zum Frieden?<\/span><\/a><\/p>\n","protected":false},"author":3,"featured_media":885,"comment_status":"open","ping_status":"open","sticky":false,"template":"","format":"standard","meta":{"advgb_blocks_editor_width":"","advgb_blocks_columns_visual_guide":""},"categories":[72],"tags":[],"issue":[133],"acf":[],"author_meta":{"display_name":"\u00e0 propos","author_link":"https:\/\/koff.swisspeace.ch\/apropos\/author\/apropos\/"},"featured_img":"https:\/\/koff.swisspeace.ch\/apropos\/wp-content\/uploads\/2023\/02\/APRED179-600x332.png","coauthors":[],"tax_additional":{"categories":{"linked":["<a href=\"https:\/\/koff.swisspeace.ch\/apropos\/category\/indepth-de\/\" class=\"advgb-post-tax-term\">Erfahren Sie mehr<\/a>"],"unlinked":["<span class=\"advgb-post-tax-term\">Erfahren Sie mehr<\/span>"]}},"comment_count":0,"relative_dates":{"created":"Posted 4 years ago","modified":"Updated 4 years ago"},"absolute_dates":{"created":"Posted on February 23, 2023","modified":"Updated on February 24, 2023"},"absolute_dates_time":{"created":"Posted on February 23, 2023 4:36 pm","modified":"Updated on February 24, 2023 9:53 am"},"featured_img_caption":"","series_order":null,"_links":{"self":[{"href":"https:\/\/koff.swisspeace.ch\/apropos\/wp-json\/wp\/v2\/posts\/897"}],"collection":[{"href":"https:\/\/koff.swisspeace.ch\/apropos\/wp-json\/wp\/v2\/posts"}],"about":[{"href":"https:\/\/koff.swisspeace.ch\/apropos\/wp-json\/wp\/v2\/types\/post"}],"author":[{"embeddable":true,"href":"https:\/\/koff.swisspeace.ch\/apropos\/wp-json\/wp\/v2\/users\/3"}],"replies":[{"embeddable":true,"href":"https:\/\/koff.swisspeace.ch\/apropos\/wp-json\/wp\/v2\/comments?post=897"}],"version-history":[{"count":5,"href":"https:\/\/koff.swisspeace.ch\/apropos\/wp-json\/wp\/v2\/posts\/897\/revisions"}],"predecessor-version":[{"id":1108,"href":"https:\/\/koff.swisspeace.ch\/apropos\/wp-json\/wp\/v2\/posts\/897\/revisions\/1108"}],"wp:featuredmedia":[{"embeddable":true,"href":"https:\/\/koff.swisspeace.ch\/apropos\/wp-json\/wp\/v2\/media\/885"}],"wp:attachment":[{"href":"https:\/\/koff.swisspeace.ch\/apropos\/wp-json\/wp\/v2\/media?parent=897"}],"wp:term":[{"taxonomy":"category","embeddable":true,"href":"https:\/\/koff.swisspeace.ch\/apropos\/wp-json\/wp\/v2\/categories?post=897"},{"taxonomy":"post_tag","embeddable":true,"href":"https:\/\/koff.swisspeace.ch\/apropos\/wp-json\/wp\/v2\/tags?post=897"},{"taxonomy":"issue","embeddable":true,"href":"https:\/\/koff.swisspeace.ch\/apropos\/wp-json\/wp\/v2\/issue?post=897"}],"curies":[{"name":"wp","href":"https:\/\/api.w.org\/{rel}","templated":true}]}}