{"id":901,"date":"2023-02-23T15:10:41","date_gmt":"2023-02-23T15:10:41","guid":{"rendered":"https:\/\/koff.swisspeace.ch\/apropos\/?p=901"},"modified":"2023-02-24T09:53:54","modified_gmt":"2023-02-24T09:53:54","slug":"nouveau-crowdfunding-dsos-villages-denfants","status":"publish","type":"post","link":"https:\/\/koff.swisspeace.ch\/apropos\/901\/nouveau-crowdfunding-dsos-villages-denfants\/","title":{"rendered":"R\u00e9colte de fonds d&#8217;SOS Villages d&#8217;Enfants"},"content":{"rendered":"\n<p><\/p>\n\n\n\n<p>Au Nicaragua, de nombreuses mineures tombent enceintes apr\u00e8s avoir \u00e9t\u00e9 viol\u00e9es ou parce que l&#8217;\u00e9ducation \u00e0 la contraception est insuffisante et qu&#8217;elles n&#8217;osent pas en parler. Dans certains cas, ces femmes\/jeunes filles ne re\u00e7oivent aucun soutien de leurs proches et sont contraintes de quitter le domicile familial. Le soutien psychosocial afin de traiter de ces exp\u00e9riences fait souvent d\u00e9faut. Par le biais d&#8217;une r\u00e9colte de fonds, SOS Villages d&#8217;Enfants recceuille des dons pour soutenir dix m\u00e8res mineures de Matagalpa en mati\u00e8re d&#8217;\u00e9ducation, de conseils juridiques et d&#8217;insertion professionnelle. Ainsi, ces jeunes femmes ne sont pas livr\u00e9es \u00e0 elles-m\u00eames, mais accompagn\u00e9es de mani\u00e8re r\u00e9fl\u00e9chie et peuvent penser \u00e0 leur autonomie.<\/p>\n\n\n\n<p><\/p>\n","protected":false},"excerpt":{"rendered":"<p>Au Nicaragua, de nombreuses mineures tombent enceintes apr\u00e8s avoir \u00e9t\u00e9 viol\u00e9es ou parce que l&#8217;\u00e9ducation \u00e0 la contraception est insuffisante et qu&#8217;elles n&#8217;osent pas en parler. Dans certains cas, ces femmes\/jeunes filles ne re\u00e7oivent aucun soutien de leurs proches et sont contraintes de quitter le domicile familial. Le soutien psychosocial afin de traiter de ces <a href=\"https:\/\/koff.swisspeace.ch\/apropos\/901\/nouveau-crowdfunding-dsos-villages-denfants\/\" class=\"more-link\">&#8230;<span class=\"screen-reader-text\">  R\u00e9colte de fonds d&#8217;SOS Villages d&#8217;Enfants<\/span><\/a><\/p>\n","protected":false},"author":3,"featured_media":785,"comment_status":"open","ping_status":"open","sticky":false,"template":"","format":"standard","meta":{"advgb_blocks_editor_width":"","advgb_blocks_columns_visual_guide":""},"categories":[99],"tags":[],"issue":[135],"acf":[],"author_meta":{"display_name":"\u00e0 propos","author_link":"https:\/\/koff.swisspeace.ch\/apropos\/author\/apropos\/"},"featured_img":"https:\/\/koff.swisspeace.ch\/apropos\/wp-content\/uploads\/2023\/02\/SOS-CH-Matagalpa_a-propos-600x332.png","coauthors":[],"tax_additional":{"categories":{"linked":["<a href=\"https:\/\/koff.swisspeace.ch\/apropos\/category\/news-fr\/\" class=\"advgb-post-tax-term\">Actualit\u00e9<\/a>"],"unlinked":["<span class=\"advgb-post-tax-term\">Actualit\u00e9<\/span>"]}},"comment_count":0,"relative_dates":{"created":"Posted 4 years ago","modified":"Updated 4 years ago"},"absolute_dates":{"created":"Posted on February 23, 2023","modified":"Updated on February 24, 2023"},"absolute_dates_time":{"created":"Posted on February 23, 2023 3:10 pm","modified":"Updated on February 24, 2023 9:53 am"},"featured_img_caption":"","series_order":null,"_links":{"self":[{"href":"https:\/\/koff.swisspeace.ch\/apropos\/wp-json\/wp\/v2\/posts\/901"}],"collection":[{"href":"https:\/\/koff.swisspeace.ch\/apropos\/wp-json\/wp\/v2\/posts"}],"about":[{"href":"https:\/\/koff.swisspeace.ch\/apropos\/wp-json\/wp\/v2\/types\/post"}],"author":[{"embeddable":true,"href":"https:\/\/koff.swisspeace.ch\/apropos\/wp-json\/wp\/v2\/users\/3"}],"replies":[{"embeddable":true,"href":"https:\/\/koff.swisspeace.ch\/apropos\/wp-json\/wp\/v2\/comments?post=901"}],"version-history":[{"count":8,"href":"https:\/\/koff.swisspeace.ch\/apropos\/wp-json\/wp\/v2\/posts\/901\/revisions"}],"predecessor-version":[{"id":1043,"href":"https:\/\/koff.swisspeace.ch\/apropos\/wp-json\/wp\/v2\/posts\/901\/revisions\/1043"}],"wp:featuredmedia":[{"embeddable":true,"href":"https:\/\/koff.swisspeace.ch\/apropos\/wp-json\/wp\/v2\/media\/785"}],"wp:attachment":[{"href":"https:\/\/koff.swisspeace.ch\/apropos\/wp-json\/wp\/v2\/media?parent=901"}],"wp:term":[{"taxonomy":"category","embeddable":true,"href":"https:\/\/koff.swisspeace.ch\/apropos\/wp-json\/wp\/v2\/categories?post=901"},{"taxonomy":"post_tag","embeddable":true,"href":"https:\/\/koff.swisspeace.ch\/apropos\/wp-json\/wp\/v2\/tags?post=901"},{"taxonomy":"issue","embeddable":true,"href":"https:\/\/koff.swisspeace.ch\/apropos\/wp-json\/wp\/v2\/issue?post=901"}],"curies":[{"name":"wp","href":"https:\/\/api.w.org\/{rel}","templated":true}]}}