{"id":904,"date":"2023-02-23T16:36:55","date_gmt":"2023-02-23T16:36:55","guid":{"rendered":"https:\/\/koff.swisspeace.ch\/apropos\/?p=904"},"modified":"2023-02-24T09:53:26","modified_gmt":"2023-02-24T09:53:26","slug":"coworking-im-khaus-begegnen-zusammenarbeiten-veranstalten","status":"publish","type":"post","link":"https:\/\/koff.swisspeace.ch\/apropos\/904\/coworking-im-khaus-begegnen-zusammenarbeiten-veranstalten\/","title":{"rendered":"Coworking Im Khaus \u2013 Begegnen, Zusammenarbeiten, Veranstalten"},"content":{"rendered":"\n<p><\/p>\n\n\n\n<p><\/p>\n\n\n\n<p>Das kHaus ist ein offenes und lebendiges Kultur- und Kreativzentrum \u2013 ein Ort f\u00fcr Begegnung und Innovation im Herzen von Basel. Zahlreiche Organisationen, Kultur- und Kreativschaffende nutzen den Coworking Space im kHaus um zu arbeiten, voneinander zu lernen, zu kritisieren und zu innervieren. Mit dem ko-kreativ und partizipativ entwickelten Nutzungskonzept ist das kHaus ein Ort, der von innen und aussen bewegt wird: In den vielf\u00e4ltig bespielbaren Veranstaltungsr\u00e4umen realisieren Nutzer:innen ihre internen und \u00f6ffentlichen Events. Nutze auch du die Strahlkraft des neu sanierten Kasernen-Hauptbaus und die Synergien mit der Bev\u00f6lkerung, um dein Projekt in der Stadt sichtbar zu machen!<\/p>\n\n\n\n<p><\/p>\n\n\n\n<p><\/p>\n","protected":false},"excerpt":{"rendered":"<p>Das kHaus ist ein offenes und lebendiges Kultur- und Kreativzentrum \u2013 ein Ort f\u00fcr Begegnung und Innovation im Herzen von Basel. Zahlreiche Organisationen, Kultur- und Kreativschaffende nutzen den Coworking Space im kHaus um zu arbeiten, voneinander zu lernen, zu kritisieren und zu innervieren. Mit dem ko-kreativ und partizipativ entwickelten Nutzungskonzept ist das kHaus ein Ort, <a href=\"https:\/\/koff.swisspeace.ch\/apropos\/904\/coworking-im-khaus-begegnen-zusammenarbeiten-veranstalten\/\" class=\"more-link\">&#8230;<span class=\"screen-reader-text\">  Coworking Im Khaus \u2013 Begegnen, Zusammenarbeiten, Veranstalten<\/span><\/a><\/p>\n","protected":false},"author":3,"featured_media":751,"comment_status":"open","ping_status":"open","sticky":false,"template":"","format":"standard","meta":{"advgb_blocks_editor_width":"","advgb_blocks_columns_visual_guide":""},"categories":[71],"tags":[],"issue":[133],"acf":[],"author_meta":{"display_name":"\u00e0 propos","author_link":"https:\/\/koff.swisspeace.ch\/apropos\/author\/apropos\/"},"featured_img":"https:\/\/koff.swisspeace.ch\/apropos\/wp-content\/uploads\/2023\/02\/News_Khaus-600x332.png","coauthors":[],"tax_additional":{"categories":{"linked":["<a href=\"https:\/\/koff.swisspeace.ch\/apropos\/category\/news-de\/\" class=\"advgb-post-tax-term\">Aktuell<\/a>"],"unlinked":["<span class=\"advgb-post-tax-term\">Aktuell<\/span>"]}},"comment_count":0,"relative_dates":{"created":"Posted 4 years ago","modified":"Updated 4 years ago"},"absolute_dates":{"created":"Posted on February 23, 2023","modified":"Updated on February 24, 2023"},"absolute_dates_time":{"created":"Posted on February 23, 2023 4:36 pm","modified":"Updated on February 24, 2023 9:53 am"},"featured_img_caption":"","series_order":null,"_links":{"self":[{"href":"https:\/\/koff.swisspeace.ch\/apropos\/wp-json\/wp\/v2\/posts\/904"}],"collection":[{"href":"https:\/\/koff.swisspeace.ch\/apropos\/wp-json\/wp\/v2\/posts"}],"about":[{"href":"https:\/\/koff.swisspeace.ch\/apropos\/wp-json\/wp\/v2\/types\/post"}],"author":[{"embeddable":true,"href":"https:\/\/koff.swisspeace.ch\/apropos\/wp-json\/wp\/v2\/users\/3"}],"replies":[{"embeddable":true,"href":"https:\/\/koff.swisspeace.ch\/apropos\/wp-json\/wp\/v2\/comments?post=904"}],"version-history":[{"count":3,"href":"https:\/\/koff.swisspeace.ch\/apropos\/wp-json\/wp\/v2\/posts\/904\/revisions"}],"predecessor-version":[{"id":1118,"href":"https:\/\/koff.swisspeace.ch\/apropos\/wp-json\/wp\/v2\/posts\/904\/revisions\/1118"}],"wp:featuredmedia":[{"embeddable":true,"href":"https:\/\/koff.swisspeace.ch\/apropos\/wp-json\/wp\/v2\/media\/751"}],"wp:attachment":[{"href":"https:\/\/koff.swisspeace.ch\/apropos\/wp-json\/wp\/v2\/media?parent=904"}],"wp:term":[{"taxonomy":"category","embeddable":true,"href":"https:\/\/koff.swisspeace.ch\/apropos\/wp-json\/wp\/v2\/categories?post=904"},{"taxonomy":"post_tag","embeddable":true,"href":"https:\/\/koff.swisspeace.ch\/apropos\/wp-json\/wp\/v2\/tags?post=904"},{"taxonomy":"issue","embeddable":true,"href":"https:\/\/koff.swisspeace.ch\/apropos\/wp-json\/wp\/v2\/issue?post=904"}],"curies":[{"name":"wp","href":"https:\/\/api.w.org\/{rel}","templated":true}]}}